{"id":3239,"date":"2019-05-24T18:00:34","date_gmt":"2019-05-24T21:00:34","guid":{"rendered":"http:\/\/dgospel.com.br\/portal\/?p=3239"},"modified":"2019-05-24T18:00:36","modified_gmt":"2019-05-24T21:00:36","slug":"governo-debate-obras-publicas-paralisadas-em-comissao-da-assembleia-legislativa","status":"publish","type":"post","link":"https:\/\/dgospel.com.br\/portal\/index.php\/2019\/05\/24\/governo-debate-obras-publicas-paralisadas-em-comissao-da-assembleia-legislativa\/","title":{"rendered":"Governo debate obras p\u00fablicas paralisadas em comiss\u00e3o da Assembleia Legislativa"},"content":{"rendered":"\n<p>O&nbsp;secret\u00e1rio de Estado da Infraestrutura, Cidades e Habita\u00e7\u00e3o, Renato Assun\u00e7\u00e3o, esteve na Assembleia Legislativa do Tocantins para falar sobre as obras paralisadas no Estado. Sua participa\u00e7\u00e3o foi na reuni\u00e3o da Comiss\u00e3o de Administra\u00e7\u00e3o, Trabalho, Defesa do Consumidor, Transporte, Desenvolvimento Urbano e Servi\u00e7o P\u00fablico, nesta quinta-feira, 23, a partir das 14 horas, a convite do presidente da comiss\u00e3o, deputado Elenil da Penha (MDB).<\/p>\n\n\n\n<p>De acordo com Renato Assun\u00e7\u00e3o, no inicio do ano o governo realizou um levantamento de todas as obras paralisadas e a soma chegou a pouco mais de 100. Muitas com recursos aportados por meio de conv\u00eanios e de contratos com repasses de \u00f3rg\u00e3os federais. S\u00e3o obras que est\u00e3o paralisadas h\u00e1 dois, quatro, dez, doze anos. \u201cS\u00e3o importantes para a sociedade, mas que est\u00e3o paralisadas por falta de planejamento e por causa das dificuldades financeiras do Estado\u201d, declarou.<\/p>\n\n\n\n<p>Segundo o Secret\u00e1rio, o Governo do Tocantins busca dar celeridade \u00e0 retomada e a conclus\u00e3o dessas obras. Isso tem sido buscado em Bras\u00edlia, junto ao Governo Federal. Segundo ele, enquanto o Estado n\u00e3o recupera sua capacidade de pagamento junto ao tesouro nacional, a retomada dessas obras est\u00e1 sendo feita de forma planejada, com recursos do tesouro estadual e de financiamentos. \u201cEstamos come\u00e7ando pelas obras que t\u00eam um percentual de execu\u00e7\u00e3o maior, que esteja mais perto de serem conclu\u00eddas\u201d, afirmou.<\/p>\n\n\n\n<p><strong>Retomadas<\/strong><\/p>\n\n\n\n<p>O secret\u00e1rio informou que algumas j\u00e1 foram retomadas, a exemplo da obra do&nbsp; Hospital Geral de Gurupi, das Escolas de Tempo Integral de Aragua\u00edna e de Anan\u00e1s, bem como algumas obras civis na Capital.&nbsp; Renato Assun\u00e7\u00e3o disse, ainda, que em breve o Governo do Estado deve lan\u00e7ar a pavimenta\u00e7\u00e3o e tamb\u00e9m a retomada da constru\u00e7\u00e3o das unidades habitacionais do setor Taquari, em Palmas. \u201cTodas essas obras dependem de recursos financeiros e o governo est\u00e1 fazendo um grande esfor\u00e7o para que elas possam ser conclu\u00eddas num curto prazo\u201d.<\/p>\n\n\n\n<p><strong>Opera\u00e7\u00e3o \u00c1pia<\/strong><\/p>\n\n\n\n<p>Um dos assuntos mais debatidos na reuni\u00e3o foi apresentado por vereadores e prefeitos de Santa Maria e Recursol\u00e2ndia, que solicitaram ao secret\u00e1rio a n\u00e3o transfer\u00eancia dos recursos da obra de pavimenta\u00e7\u00e3o da TO-428, paralisada em fun\u00e7\u00e3o de uma a\u00e7\u00e3o judicial, na Opera\u00e7\u00e3o \u00c1pia. Outra rodovia muito questionada e que tamb\u00e9m se encontra com a obra na mesma a\u00e7\u00e3o \u00e9 a TO-164, na regi\u00e3o de Aragua\u00edna.<\/p>\n\n\n\n<p>Renato Assun\u00e7\u00e3o esclareceu que n\u00e3o s\u00f3 essas obras rodovi\u00e1rias est\u00e3o paralisadas por causa da opera\u00e7\u00e3o, mas v\u00e1rios outros trechos e que os recursos est\u00e3o parados, correndo-se o risco de quando houver a libera\u00e7\u00e3o judicial os recursos n\u00e3o serem mais suficientes para conclu\u00edrem as obras. Segundo o secret\u00e1rio, parte dessas obras v\u00e3o ter os contratos cancelados e ser\u00e3o relicitadas. Em paralelo os projetos est\u00e3o sendo atualizados para abertura de novos processos de licita\u00e7\u00e3o.<\/p>\n\n\n\n<p>O remanejamento desses recursos \u00e9 exatamente para que os eles n\u00e3o fiquem parados e possam ser utilizados em uma obra de grande vulto e import\u00e2ncia para a sociedade que \u00e9 o HGP. \u201cEnquanto isso, n\u00f3s temos uma obra de amplia\u00e7\u00e3o em curso no Hospital Geral de Palmas, que \u00e9 uma obra importante. Um hospital que atende todo o estado e parte dos estados vizinhos. Uma obra em andamento e n\u00e3o pode ser paralisada, porque causar\u00e1 grandes preju\u00edzos \u00e0 sociedade\u201d justificou.<\/p>\n\n\n\n<p><strong>Ponte<\/strong><\/p>\n\n\n\n<p>Outro assunto tratado foi a quest\u00e3o da manuten\u00e7\u00e3o da ponte sobre o rio Tocantins, na TO-255, em Porto Nacional e quanto \u00e0 sufici\u00eancia das duas balsas que fazem a travessia do rio. O Secret\u00e1rio disse que desde sua constru\u00e7\u00e3o a ponte nunca passou por manuten\u00e7\u00e3o, por isso est\u00e1 em uma situa\u00e7\u00e3o cr\u00edtica. Ele disse ainda, que a Secretaria est\u00e1 preparando uma licita\u00e7\u00e3o para manuten\u00e7\u00e3o peri\u00f3dica no per\u00edodo de quatro anos, em todas as pontes no estado. \u201cJustamente para evitarmos que outras pontes cheguem a essa situa\u00e7\u00e3o cr\u00edtica\u201d.<\/p>\n\n\n\n<p>Quanto \u00e0s duas balsas o Secret\u00e1rio informou que devido a emerg\u00eancia na interdi\u00e7\u00e3o da ponte por quest\u00f5es de seguran\u00e7a, \u201cduas balsas podem n\u00e3o ser suficientes, mas foi o que conseguimos fazer naquele momento para evitar riscos maiores a popula\u00e7\u00e3o\u201d. Ele garantiu que s Secretaria j\u00e1 est\u00e1 trabalhando em um novo processo licitat\u00f3rio para a constru\u00e7\u00e3o da nova ponte no local.<\/p>\n","protected":false},"excerpt":{"rendered":"<p>O&nbsp;secret\u00e1rio de Estado da Infraestrutura, Cidades e Habita\u00e7\u00e3o, Renato Assun\u00e7\u00e3o, esteve na Assembleia Legislativa do Tocantins para falar sobre as obras paralisadas no Estado. Sua participa\u00e7\u00e3o foi na reuni\u00e3o da Comiss\u00e3o de Administra\u00e7\u00e3o, Trabalho, Defesa do Consumidor, Transporte, Desenvolvimento Urbano e Servi\u00e7o P\u00fablico, nesta quinta-feira, 23, a partir das 14 horas, a convite do presidente [&hellip;]<\/p>\n","protected":false},"author":2,"featured_media":3240,"comment_status":"open","ping_status":"open","sticky":false,"template":"","format":"standard","meta":[],"categories":[8],"tags":[],"_links":{"self":[{"href":"https:\/\/dgospel.com.br\/portal\/index.php\/wp-json\/wp\/v2\/posts\/3239"}],"collection":[{"href":"https:\/\/dgospel.com.br\/portal\/index.php\/wp-json\/wp\/v2\/posts"}],"about":[{"href":"https:\/\/dgospel.com.br\/portal\/index.php\/wp-json\/wp\/v2\/types\/post"}],"author":[{"embeddable":true,"href":"https:\/\/dgospel.com.br\/portal\/index.php\/wp-json\/wp\/v2\/users\/2"}],"replies":[{"embeddable":true,"href":"https:\/\/dgospel.com.br\/portal\/index.php\/wp-json\/wp\/v2\/comments?post=3239"}],"version-history":[{"count":1,"href":"https:\/\/dgospel.com.br\/portal\/index.php\/wp-json\/wp\/v2\/posts\/3239\/revisions"}],"predecessor-version":[{"id":3241,"href":"https:\/\/dgospel.com.br\/portal\/index.php\/wp-json\/wp\/v2\/posts\/3239\/revisions\/3241"}],"wp:featuredmedia":[{"embeddable":true,"href":"https:\/\/dgospel.com.br\/portal\/index.php\/wp-json\/wp\/v2\/media\/3240"}],"wp:attachment":[{"href":"https:\/\/dgospel.com.br\/portal\/index.php\/wp-json\/wp\/v2\/media?parent=3239"}],"wp:term":[{"taxonomy":"category","embeddable":true,"href":"https:\/\/dgospel.com.br\/portal\/index.php\/wp-json\/wp\/v2\/categories?post=3239"},{"taxonomy":"post_tag","embeddable":true,"href":"https:\/\/dgospel.com.br\/portal\/index.php\/wp-json\/wp\/v2\/tags?post=3239"}],"curies":[{"name":"wp","href":"https:\/\/api.w.org\/{rel}","templated":true}]}}