{"id":3242,"date":"2019-05-26T18:05:31","date_gmt":"2019-05-26T21:05:31","guid":{"rendered":"http:\/\/dgospel.com.br\/portal\/?p=3242"},"modified":"2019-05-26T18:05:35","modified_gmt":"2019-05-26T21:05:35","slug":"bolsonaro-participa-de-culto-e-diz-que-manifestacao-e-recado-aqueles-que-teimam-com-velhas-praticas","status":"publish","type":"post","link":"https:\/\/dgospel.com.br\/portal\/index.php\/2019\/05\/26\/bolsonaro-participa-de-culto-e-diz-que-manifestacao-e-recado-aqueles-que-teimam-com-velhas-praticas\/","title":{"rendered":"Bolsonaro participa de culto e diz que manifesta\u00e7\u00e3o \u00e9 &#8216;recado \u00e0queles que teimam com velhas pr\u00e1ticas&#8217;"},"content":{"rendered":"\n<p>O presidente Jair Bolsonaro disse na manh\u00e3 deste domingo\n(26) que as&nbsp;manifesta\u00e7\u00f5es pr\u00f3-governo em v\u00e1rias cidades pelo pa\u00eds&nbsp;s\u00e3o\num &#8220;recado&#8221; aos que &#8220;teimam com velhas pr\u00e1ticas&#8221; e, segundo\nafirmou, n\u00e3o permitem que o &#8220;povo se liberte&#8221;.<\/p>\n\n\n\n<p>As declara\u00e7\u00f5es foram dadas&nbsp;<a href=\"https:\/\/g1.globo.com\/rj\/rio-de-janeiro\/noticia\/2019\/05\/26\/presidente-jair-bolsonaro-vai-a-igreja-na-zona-oeste-do-rio.ghtml\">durante culto<\/a>&nbsp;na\nIgreja Atitude, no Recreio dos Bandeirantes, na Zona Oeste do Rio. Na\ncerim\u00f4nia, o presidente subiu ao altar ao lado da mulher, a primeira-dama\nMichelle Bolsonaro, para receber a b\u00ean\u00e7\u00e3o do pastor. Bolsonaro viajou para o\nRio na sexta-feira&nbsp;<a href=\"https:\/\/g1.globo.com\/rj\/rio-de-janeiro\/noticia\/2019\/05\/25\/casamento-de-eduardo-heloisa.ghtml\">em raz\u00e3o do\ncasamento de um dos filhos<\/a>, o deputado federal Eduardo Bolsonaro\n(PSL-RJ). Por volta das 14h30 ele e a primeira-dama deixaram a igreja. Ele\ntinha embarque para Bras\u00edlia previsto para a tarde deste domingo.<\/p>\n\n\n\n<p>Em um pronunciamento durante o culto, o presidente disse\nque a manifesta\u00e7\u00e3o era &#8220;espont\u00e2nea&#8221;, tinha pauta definida e respeitou\nleis e institui\u00e7\u00f5es.<\/p>\n\n\n\n<p>\u201cHoje \u00e9 um dia em que o povo est\u00e1 indo \u00e0s ruas. N\u00e3o para\ndefender um presidente, um pol\u00edtico ou quem quer que seja. Est\u00e1 indo para\ndefender o futuro desta na\u00e7\u00e3o. Uma manifesta\u00e7\u00e3o espont\u00e2nea. Com uma pauta\ndefinida, com respeito \u00e0s leis e \u00e0s institui\u00e7\u00f5es, mas com o prop\u00f3sito de dar\nrecado \u00e0queles que teimam com velhas pr\u00e1ticas n\u00e3o deixar que esse povo se\nliberte\u201d, disse o presidente.<\/p>\n\n\n\n<p>Aos fieis da igreja, Bolsonaro afirmou que, pela primeira\nvez, um presidente eleito est\u00e1 cumprindo as promessas de campanha.\n&#8220;Somente com a for\u00e7a de voc\u00eas n\u00f3s poderemos governar&#8221;, declarou.<\/p>\n\n\n\n<p>\u201c\u00c9 bom estar no meio de gente que tem Deus no cora\u00e7\u00e3o. Pela\nprimeira vez na hist\u00f3ria do Brasil os senhores t\u00eam um presidente eleito que\nest\u00e1 cumprindo o que prometeu durante campanha. Se estou aqui, \u00e9 porque\nacredito nessa na\u00e7\u00e3o. Se os senhores est\u00e3o aqui, \u00e9 porque acreditam em Deus. Juntos\ne somente com a for\u00e7a de voc\u00eas n\u00f3s poderemos governar\u201d, disse Bolsonaro, que se\nemocionou durante a fala.<\/p>\n","protected":false},"excerpt":{"rendered":"<p>O presidente Jair Bolsonaro disse na manh\u00e3 deste domingo (26) que as&nbsp;manifesta\u00e7\u00f5es pr\u00f3-governo em v\u00e1rias cidades pelo pa\u00eds&nbsp;s\u00e3o um &#8220;recado&#8221; aos que &#8220;teimam com velhas pr\u00e1ticas&#8221; e, segundo afirmou, n\u00e3o permitem que o &#8220;povo se liberte&#8221;. As declara\u00e7\u00f5es foram dadas&nbsp;durante culto&nbsp;na Igreja Atitude, no Recreio dos Bandeirantes, na Zona Oeste do Rio. Na cerim\u00f4nia, o [&hellip;]<\/p>\n","protected":false},"author":2,"featured_media":3243,"comment_status":"open","ping_status":"open","sticky":false,"template":"","format":"standard","meta":[],"categories":[6,4],"tags":[],"_links":{"self":[{"href":"https:\/\/dgospel.com.br\/portal\/index.php\/wp-json\/wp\/v2\/posts\/3242"}],"collection":[{"href":"https:\/\/dgospel.com.br\/portal\/index.php\/wp-json\/wp\/v2\/posts"}],"about":[{"href":"https:\/\/dgospel.com.br\/portal\/index.php\/wp-json\/wp\/v2\/types\/post"}],"author":[{"embeddable":true,"href":"https:\/\/dgospel.com.br\/portal\/index.php\/wp-json\/wp\/v2\/users\/2"}],"replies":[{"embeddable":true,"href":"https:\/\/dgospel.com.br\/portal\/index.php\/wp-json\/wp\/v2\/comments?post=3242"}],"version-history":[{"count":1,"href":"https:\/\/dgospel.com.br\/portal\/index.php\/wp-json\/wp\/v2\/posts\/3242\/revisions"}],"predecessor-version":[{"id":3244,"href":"https:\/\/dgospel.com.br\/portal\/index.php\/wp-json\/wp\/v2\/posts\/3242\/revisions\/3244"}],"wp:featuredmedia":[{"embeddable":true,"href":"https:\/\/dgospel.com.br\/portal\/index.php\/wp-json\/wp\/v2\/media\/3243"}],"wp:attachment":[{"href":"https:\/\/dgospel.com.br\/portal\/index.php\/wp-json\/wp\/v2\/media?parent=3242"}],"wp:term":[{"taxonomy":"category","embeddable":true,"href":"https:\/\/dgospel.com.br\/portal\/index.php\/wp-json\/wp\/v2\/categories?post=3242"},{"taxonomy":"post_tag","embeddable":true,"href":"https:\/\/dgospel.com.br\/portal\/index.php\/wp-json\/wp\/v2\/tags?post=3242"}],"curies":[{"name":"wp","href":"https:\/\/api.w.org\/{rel}","templated":true}]}}