{"id":3252,"date":"2019-05-30T16:00:50","date_gmt":"2019-05-30T19:00:50","guid":{"rendered":"http:\/\/dgospel.com.br\/portal\/?p=3252"},"modified":"2019-05-30T16:00:54","modified_gmt":"2019-05-30T19:00:54","slug":"cinthia-ribeiro-assina-licitacao-para-obras-em-dez-regioes-de-palmas-com-investimento-de-r-128-milhoes-do-caf","status":"publish","type":"post","link":"https:\/\/dgospel.com.br\/portal\/index.php\/2019\/05\/30\/cinthia-ribeiro-assina-licitacao-para-obras-em-dez-regioes-de-palmas-com-investimento-de-r-128-milhoes-do-caf\/","title":{"rendered":"Cinthia Ribeiro assina licita\u00e7\u00e3o para obras em dez regi\u00f5es de Palmas com investimento de R$ 128 milh\u00f5es do CAF"},"content":{"rendered":"\n<p>\u201cHoje iniciamos um processo licitat\u00f3rio que ir\u00e1 transformar a nossa Capital num verdadeiro canteiro de obras com servi\u00e7os de terraplenagem, drenagem pluvial, asfaltamento, sinaliza\u00e7\u00e3o vi\u00e1ria, cal\u00e7adas, ciclovias, ilumina\u00e7\u00e3o p\u00fablica e drenagem em todas as regi\u00f5es da cidade. Esta \u00e9 a primeira etapa das obras que faremos com recursos do empr\u00e9stimo firmado entre o Munic\u00edpio e Banco de Desenvolvimento da Am\u00e9rica Latina (CAF)\u201d, explicou a prefeita Cinthia Ribeiro aos jornalistas presentes na coletiva de imprensa, que aconteceu na manh\u00e3 desta quarta-feira, 29, no gabinete da gestora.<\/p>\n\n\n\n<p>As constru\u00e7\u00f5es e a\u00e7\u00f5es de infraestrutura fazem parte do Programa de Requalifica\u00e7\u00e3o Urbana Palmas Para o Futuro que realizar\u00e1 21 obras e investir\u00e1 US$ 60,87 milh\u00f5es (em torno de R$ 235 milh\u00f5es) em Palmas. \u201cVamos fazer um trabalho de excel\u00eancia e, principalmente, vamos fazer a chamada justi\u00e7a social, atendendo \u00e0s demandas de comunidades como os moradores das quadras Arne 64 e Arne 63 que esperam por asfalto h\u00e1 mais de 15 anos. Vamos asfaltar tamb\u00e9m as quadras T-20, T-21, T-30, T-31, T-32 e T-33 do Jardim Taquari. Para se ter uma ideia somente o Taquari, nesta primeira etapa ir\u00e1 receber R$ 80 milh\u00f5es em obras de terraplenagem, drenagem pluvial, pavimenta\u00e7\u00e3o asf\u00e1ltica e sinaliza\u00e7\u00e3o vi\u00e1ria\u201d, destacou a prefeita Cinthia Ribeiro.<\/p>\n\n\n\n<p>A previs\u00e3o da comiss\u00e3o de licita\u00e7\u00e3o \u00e9 que os tr\u00e2mites dos contratos com as empresas sejam finalizados at\u00e9 julho e as obras sejam iniciadas em agosto de 2019. \u201cTamb\u00e9m iniciaremos obras estruturantes com recursos pr\u00f3prios do Tesouro Municipal. Vamos investir cerca de R$ 45 milh\u00f5es para fazer recupera\u00e7\u00e3o asf\u00e1ltica em diversas regi\u00f5es como Taquaralto, Aurenys, regi\u00e3o central e regi\u00e3o Norte\u201d, ressaltou a prefeita, acrescentando que todos estes investimentos ir\u00e3o gerar \u201cmilhares de empregos diretos e indiretos em Palmas\u201d.<\/p>\n\n\n\n<p><strong>Confira a rela\u00e7\u00e3o de obras do Programa de Requalifica\u00e7\u00e3o Urbana Palmas Para o Futuro que ser\u00e3o licitadas nesta 1\u00aa Etapa do programa:<\/strong><\/p>\n\n\n\n<p>&#8211; Arne 64: Terraplenagem, drenagem pluvial, pavimenta\u00e7\u00e3o asf\u00e1ltica e sinaliza\u00e7\u00e3o vi\u00e1ria.<\/p>\n\n\n\n<p>&#8211; Arne 63: Conclus\u00e3o da drenagem pluvial e sinaliza\u00e7\u00e3o vi\u00e1ria.<\/p>\n\n\n\n<p>&#8211; Avenida NS-08 \/ NS-10 \/ LO-14 e LO-16: Macrodrenagem.<\/p>\n\n\n\n<p>&#8211; Arne 54: Terraplenagem, drenagem pluvial, pavimenta\u00e7\u00e3o asf\u00e1ltica e sinaliza\u00e7\u00e3o vi\u00e1ria.<\/p>\n\n\n\n<p>&#8211; ASR-SE 25: Terraplenagem, drenagem pluvial, pavimenta\u00e7\u00e3o asf\u00e1ltica e sinaliza\u00e7\u00e3o vi\u00e1ria.<\/p>\n\n\n\n<p>&#8211; ASR-SE 85: Terraplenagem, drenagem pluvial, pavimenta\u00e7\u00e3o asf\u00e1ltica, sinaliza\u00e7\u00e3o vi\u00e1ria.<\/p>\n\n\n\n<p>&#8211; Avenida NS-10 (entre Av. LO-03 e Av. LO-25): Terraplenagem, drenagem pluvial, pavimenta\u00e7\u00e3o asf\u00e1ltica, sinaliza\u00e7\u00e3o vi\u00e1ria e macrodrenagem.<\/p>\n\n\n\n<p>&#8211; ASR-SE 15: Conclus\u00e3o da drenagem pluvial e sinaliza\u00e7\u00e3o vi\u00e1ria.<\/p>\n\n\n\n<p>&#8211; ASR-NE 25: Conclus\u00e3o da drenagem pluvial e sinaliza\u00e7\u00e3o vi\u00e1ria.<\/p>\n\n\n\n<p>&#8211; Setor Taquari (seis quadras \u2013 T20 \/ T21 \/ T30 \/ T31 \/ T32 \/ T33): Terraplenagem, drenagem pluvial, pavimenta\u00e7\u00e3o asf\u00e1ltica e sinaliza\u00e7\u00e3o vi\u00e1ria.<\/p>\n","protected":false},"excerpt":{"rendered":"<p>\u201cHoje iniciamos um processo licitat\u00f3rio que ir\u00e1 transformar a nossa Capital num verdadeiro canteiro de obras com servi\u00e7os de terraplenagem, drenagem pluvial, asfaltamento, sinaliza\u00e7\u00e3o vi\u00e1ria, cal\u00e7adas, ciclovias, ilumina\u00e7\u00e3o p\u00fablica e drenagem em todas as regi\u00f5es da cidade. Esta \u00e9 a primeira etapa das obras que faremos com recursos do empr\u00e9stimo firmado entre o Munic\u00edpio e [&hellip;]<\/p>\n","protected":false},"author":2,"featured_media":3253,"comment_status":"open","ping_status":"open","sticky":false,"template":"","format":"standard","meta":[],"categories":[4],"tags":[],"_links":{"self":[{"href":"https:\/\/dgospel.com.br\/portal\/index.php\/wp-json\/wp\/v2\/posts\/3252"}],"collection":[{"href":"https:\/\/dgospel.com.br\/portal\/index.php\/wp-json\/wp\/v2\/posts"}],"about":[{"href":"https:\/\/dgospel.com.br\/portal\/index.php\/wp-json\/wp\/v2\/types\/post"}],"author":[{"embeddable":true,"href":"https:\/\/dgospel.com.br\/portal\/index.php\/wp-json\/wp\/v2\/users\/2"}],"replies":[{"embeddable":true,"href":"https:\/\/dgospel.com.br\/portal\/index.php\/wp-json\/wp\/v2\/comments?post=3252"}],"version-history":[{"count":1,"href":"https:\/\/dgospel.com.br\/portal\/index.php\/wp-json\/wp\/v2\/posts\/3252\/revisions"}],"predecessor-version":[{"id":3254,"href":"https:\/\/dgospel.com.br\/portal\/index.php\/wp-json\/wp\/v2\/posts\/3252\/revisions\/3254"}],"wp:featuredmedia":[{"embeddable":true,"href":"https:\/\/dgospel.com.br\/portal\/index.php\/wp-json\/wp\/v2\/media\/3253"}],"wp:attachment":[{"href":"https:\/\/dgospel.com.br\/portal\/index.php\/wp-json\/wp\/v2\/media?parent=3252"}],"wp:term":[{"taxonomy":"category","embeddable":true,"href":"https:\/\/dgospel.com.br\/portal\/index.php\/wp-json\/wp\/v2\/categories?post=3252"},{"taxonomy":"post_tag","embeddable":true,"href":"https:\/\/dgospel.com.br\/portal\/index.php\/wp-json\/wp\/v2\/tags?post=3252"}],"curies":[{"name":"wp","href":"https:\/\/api.w.org\/{rel}","templated":true}]}}