{"id":3255,"date":"2019-05-30T16:42:29","date_gmt":"2019-05-30T19:42:29","guid":{"rendered":"http:\/\/dgospel.com.br\/portal\/?p=3255"},"modified":"2019-05-30T16:42:31","modified_gmt":"2019-05-30T19:42:31","slug":"malafaia-desmente-veja-e-declara-apoio-as-manifestacoes-pro-bolsonaro","status":"publish","type":"post","link":"https:\/\/dgospel.com.br\/portal\/index.php\/2019\/05\/30\/malafaia-desmente-veja-e-declara-apoio-as-manifestacoes-pro-bolsonaro\/","title":{"rendered":"Malafaia desmente Veja e declara apoio \u00e0s manifesta\u00e7\u00f5es pr\u00f3-Bolsonaro"},"content":{"rendered":"\n<p>&nbsp;&nbsp;&nbsp;&nbsp;&nbsp;&nbsp;&nbsp;&nbsp;&nbsp;&nbsp;&nbsp; As\nmanifesta\u00e7\u00f5es desse domingo, 26 de maio, em defesa da nova previd\u00eancia, cria\u00e7\u00e3o\nda CPI da Lava-Toga (para investigar a corrup\u00e7\u00e3o na Justi\u00e7a) e a aprova\u00e7\u00e3o do\npacote anticrime proposto pelo ministro S\u00e9rgio Moro foram alvo de um coment\u00e1rio\ndo pastor Silas Malafaia, que declarou apoio \u00e0 mobiliza\u00e7\u00e3o.<\/p>\n\n\n\n<p>Malafaia veio a p\u00fablico depois que ve\u00edculos da\ngrande m\u00eddia noticiaram que a bancada evang\u00e9lica estava&nbsp;<a href=\"https:\/\/noticias.gospelmais.com.br\/rabo-preso-malafaia-deputados-coaf-moro-114631.html\"><strong>se mantendo\nreticente<\/strong><\/a>&nbsp;sobre o assunto, e que havia uma sinaliza\u00e7\u00e3o de\nque os l\u00edderes evang\u00e9licos n\u00e3o se envolveriam com o tema.<\/p>\n\n\n\n<p>A revista&nbsp;<em>Veja<\/em>&nbsp;chegou a publicar\nno&nbsp;<em>Radar Online<\/em>&nbsp;que \u201cigrejas que apoiaram a elei\u00e7\u00e3o do\npresidente tendem a ficar longe dos atos de domingo\u201d, acrescentando que o\npastor da Assembleia de Deus Vit\u00f3ria em Cristo (ADVEC) teria adotado postura\nevasiva.<\/p>\n\n\n\n<p>\u201cAo lado do deputado S\u00f3stenes Cavalcante (DEM-RJ),\nSilas Malafaia esteve com Bolsonaro. Apesar de postar v\u00eddeos em que exalta o\nex-capit\u00e3o, o pastor n\u00e3o se comprometeu a mobilizar sua tropa. Outro l\u00edder diz\nque \u00e9 hora de ver como os \u2018bolsominions\u2019 se viram sem os evang\u00e9licos\u201d, publicou\na&nbsp;<a href=\"https:\/\/veja.abril.com.br\/blog\/radar\/evangelicos-sinalizam-distancia-das-manifestacoes-pro-bolsonaro\/\" target=\"_blank\" rel=\"noreferrer noopener\">revista<\/a>.<\/p>\n\n\n\n<p>Silas Malafaia veio a p\u00fablico com um v\u00eddeo e\nrebateu a insinua\u00e7\u00e3o: \u201cQuero dizer que eu sou a favor, sim, das manifesta\u00e7\u00f5es.\nE vou dizer por qu\u00ea: se a esquerda pode ir para a rua defender governo corrupto\ne ex-presidente que est\u00e1 na cadeia, porque o povo n\u00e3o pode se manifestar a\nfavor de um governo, que tem at\u00e9 seus defeitos, mas que tem compromisso em\nlimpar o pa\u00eds e melhorar o pa\u00eds?\u201d.<\/p>\n\n\n\n<p>\u201cSou a favor sim! Que os evang\u00e9licos possam ir para a rua, porque n\u00f3s somos cidad\u00e3os. \u00c9 cidadania. \u00c9 direito de representa\u00e7\u00e3o e de se manifestar. Sou a favor sim! De manifesta\u00e7\u00e3o ordeira, pac\u00edfica, para o bem do pa\u00eds. O Bolsonaro pertence a que grupo, qual o interesse dele, a n\u00e3o ser em resgatar esse pa\u00eds? Acorda povo\u201d, acrescentou.<\/p>\n\n\n\n<p>&nbsp;&nbsp;&nbsp;&nbsp;&nbsp;&nbsp;&nbsp;&nbsp;&nbsp;&nbsp;&nbsp; As\nmanifesta\u00e7\u00f5es desse domingo, 26 de maio, em defesa da nova previd\u00eancia, cria\u00e7\u00e3o\nda CPI da Lava-Toga (para investigar a corrup\u00e7\u00e3o na Justi\u00e7a) e a aprova\u00e7\u00e3o do\npacote anticrime proposto pelo ministro S\u00e9rgio Moro foram alvo de um coment\u00e1rio\ndo pastor Silas Malafaia, que declarou apoio \u00e0 mobiliza\u00e7\u00e3o.<\/p>\n\n\n\n<p>Malafaia veio a p\u00fablico depois que ve\u00edculos da\ngrande m\u00eddia noticiaram que a bancada evang\u00e9lica estava&nbsp;<a href=\"https:\/\/noticias.gospelmais.com.br\/rabo-preso-malafaia-deputados-coaf-moro-114631.html\"><strong>se mantendo\nreticente<\/strong><\/a>&nbsp;sobre o assunto, e que havia uma sinaliza\u00e7\u00e3o de\nque os l\u00edderes evang\u00e9licos n\u00e3o se envolveriam com o tema.<\/p>\n\n\n\n<p>A revista&nbsp;<em>Veja<\/em>&nbsp;chegou a publicar\nno&nbsp;<em>Radar Online<\/em>&nbsp;que \u201cigrejas que apoiaram a elei\u00e7\u00e3o do\npresidente tendem a ficar longe dos atos de domingo\u201d, acrescentando que o\npastor da Assembleia de Deus Vit\u00f3ria em Cristo (ADVEC) teria adotado postura\nevasiva.<\/p>\n\n\n\n<p>\u201cAo lado do deputado S\u00f3stenes Cavalcante (DEM-RJ),\nSilas Malafaia esteve com Bolsonaro. Apesar de postar v\u00eddeos em que exalta o\nex-capit\u00e3o, o pastor n\u00e3o se comprometeu a mobilizar sua tropa. Outro l\u00edder diz\nque \u00e9 hora de ver como os \u2018bolsominions\u2019 se viram sem os evang\u00e9licos\u201d, publicou\na&nbsp;<a href=\"https:\/\/veja.abril.com.br\/blog\/radar\/evangelicos-sinalizam-distancia-das-manifestacoes-pro-bolsonaro\/\" target=\"_blank\" rel=\"noreferrer noopener\">revista<\/a>.<\/p>\n\n\n\n<p>Silas Malafaia veio a p\u00fablico com um v\u00eddeo e\nrebateu a insinua\u00e7\u00e3o: \u201cQuero dizer que eu sou a favor, sim, das manifesta\u00e7\u00f5es.\nE vou dizer por qu\u00ea: se a esquerda pode ir para a rua defender governo corrupto\ne ex-presidente que est\u00e1 na cadeia, porque o povo n\u00e3o pode se manifestar a\nfavor de um governo, que tem at\u00e9 seus defeitos, mas que tem compromisso em\nlimpar o pa\u00eds e melhorar o pa\u00eds?\u201d.<\/p>\n\n\n\n<p>\u201cSou a favor sim! Que os evang\u00e9licos possam ir para\na rua, porque n\u00f3s somos cidad\u00e3os. \u00c9 cidadania. \u00c9 direito de representa\u00e7\u00e3o e de\nse manifestar. Sou a favor sim! De manifesta\u00e7\u00e3o ordeira, pac\u00edfica, para o bem\ndo pa\u00eds. O Bolsonaro pertence a que grupo, qual o interesse dele, a n\u00e3o ser em\nresgatar esse pa\u00eds? Acorda povo\u201d, acrescentou.<\/p>\n","protected":false},"excerpt":{"rendered":"<p>&nbsp;&nbsp;&nbsp;&nbsp;&nbsp;&nbsp;&nbsp;&nbsp;&nbsp;&nbsp;&nbsp; As manifesta\u00e7\u00f5es desse domingo, 26 de maio, em defesa da nova previd\u00eancia, cria\u00e7\u00e3o da CPI da Lava-Toga (para investigar a corrup\u00e7\u00e3o na Justi\u00e7a) e a aprova\u00e7\u00e3o do pacote anticrime proposto pelo ministro S\u00e9rgio Moro foram alvo de um coment\u00e1rio do pastor Silas Malafaia, que declarou apoio \u00e0 mobiliza\u00e7\u00e3o. Malafaia veio a p\u00fablico depois que [&hellip;]<\/p>\n","protected":false},"author":2,"featured_media":3256,"comment_status":"open","ping_status":"open","sticky":false,"template":"","format":"standard","meta":[],"categories":[5],"tags":[],"_links":{"self":[{"href":"https:\/\/dgospel.com.br\/portal\/index.php\/wp-json\/wp\/v2\/posts\/3255"}],"collection":[{"href":"https:\/\/dgospel.com.br\/portal\/index.php\/wp-json\/wp\/v2\/posts"}],"about":[{"href":"https:\/\/dgospel.com.br\/portal\/index.php\/wp-json\/wp\/v2\/types\/post"}],"author":[{"embeddable":true,"href":"https:\/\/dgospel.com.br\/portal\/index.php\/wp-json\/wp\/v2\/users\/2"}],"replies":[{"embeddable":true,"href":"https:\/\/dgospel.com.br\/portal\/index.php\/wp-json\/wp\/v2\/comments?post=3255"}],"version-history":[{"count":1,"href":"https:\/\/dgospel.com.br\/portal\/index.php\/wp-json\/wp\/v2\/posts\/3255\/revisions"}],"predecessor-version":[{"id":3257,"href":"https:\/\/dgospel.com.br\/portal\/index.php\/wp-json\/wp\/v2\/posts\/3255\/revisions\/3257"}],"wp:featuredmedia":[{"embeddable":true,"href":"https:\/\/dgospel.com.br\/portal\/index.php\/wp-json\/wp\/v2\/media\/3256"}],"wp:attachment":[{"href":"https:\/\/dgospel.com.br\/portal\/index.php\/wp-json\/wp\/v2\/media?parent=3255"}],"wp:term":[{"taxonomy":"category","embeddable":true,"href":"https:\/\/dgospel.com.br\/portal\/index.php\/wp-json\/wp\/v2\/categories?post=3255"},{"taxonomy":"post_tag","embeddable":true,"href":"https:\/\/dgospel.com.br\/portal\/index.php\/wp-json\/wp\/v2\/tags?post=3255"}],"curies":[{"name":"wp","href":"https:\/\/api.w.org\/{rel}","templated":true}]}}