{"id":3261,"date":"2019-05-30T17:04:51","date_gmt":"2019-05-30T20:04:51","guid":{"rendered":"http:\/\/dgospel.com.br\/portal\/?p=3261"},"modified":"2019-05-30T17:04:53","modified_gmt":"2019-05-30T20:04:53","slug":"dia-mundial-sem-tabaco-faz-alerta-para-mortes-relacionadas-ao-tabagismo","status":"publish","type":"post","link":"https:\/\/dgospel.com.br\/portal\/index.php\/2019\/05\/30\/dia-mundial-sem-tabaco-faz-alerta-para-mortes-relacionadas-ao-tabagismo\/","title":{"rendered":"Dia mundial sem tabaco faz alerta para mortes relacionadas ao tabagismo"},"content":{"rendered":"\n<p>A Organiza\u00e7\u00e3o Mundial da Sa\u00fade (OMS) criou no ano de 1987 o Dia Mundial sem tabaco, a data que \u00e9 lembrada no dia 31 de maio, tem o objetivo de alertar sobre as doen\u00e7as e mortes evit\u00e1veis relacionadas ao tabagismo. Dados da Pesquisa Nacional de Sa\u00fade apontam que o Estado do Tocantins possuiu cerca de 146.706 tabagistas.<\/p>\n\n\n\n<p>Segundo o Instituto Nacional do C\u00e2ncer (Inca), estima-se que, no Brasil, a cada ano, aproximadamente 157 mil pessoas morram precocemente devido \u00e0s doen\u00e7as causadas pelo tabagismo, al\u00e9m disso, fumantes adoecem com uma frequ\u00eancia duas vezes maior que os n\u00e3o fumantes e t\u00eam menor resist\u00eancia f\u00edsica.<\/p>\n\n\n\n<p>O Sistema \u00danico de Sa\u00fade (SUS), por meio do Programa Nacional do Controle do Tabagismo (PNCT), oferece acompanhamento multiprofissional, al\u00e9m de materiais de apoio e medicamentos gratuitos, para interessados em receber tratamento para n\u00e3o utiliza\u00e7\u00e3o de tabaco.<\/p>\n\n\n\n<p>De acordo com a coordenadora Estadual do Programa do Tabagismo, Andr\u00e9a Alves, o modelo do tratamento \u00e9 composto por consulta de avalia\u00e7\u00e3o cl\u00ednica, abordagem cognitiva comportamental e apoio&nbsp;medicamentoso,&nbsp;quando&nbsp;necess\u00e1rio, com possibilidade de ser realizado em grupo ou individualmente.<\/p>\n\n\n\n<p>A gestora ressaltou que as a\u00e7\u00f5es realizadas pelo Estado acontecessem de forma descentralizada&nbsp;em parcerias com os munic\u00edpios cadastrados no PNCT, sendo a\u00e7\u00f5es de Promo\u00e7\u00e3o da Sa\u00fade, Controle do Tabagismo e Tratamento ao Fumante. \u201cRealizamos diversas&nbsp;atividades de educa\u00e7\u00e3o permanente, dentre elas destacamos a Capacita\u00e7\u00e3o do Controle do Tabagismo e Tratamento ao Fumante na Rede SUS, que qualifica os profissionais da sa\u00fade,&nbsp;para implementa\u00e7\u00e3o da Politica Nacional de Controle do Tabagismo em seus&nbsp;respectivos&nbsp;munic\u00edpios\u201d, apontou.<\/p>\n\n\n\n<p>Em rela\u00e7\u00e3o a n\u00famero de usu\u00e1rios dos SUS que procuraram tratamento no Tocantins, dados da superintend\u00eancia de Pol\u00edticas de Aten\u00e7\u00e3o \u00e0 Sa\u00fade, por meio da Ger\u00eancia da Rede de Preven\u00e7\u00e3o, Diagn\u00f3stico e Tratamento do C\u00e2ncer apontam que, em 2017 foram atendidos 1.438 pacientes e 1.446 em 2018. Os atendimentos acontecem nas Unidades de B\u00e1sicas Sa\u00fade e em Unidades Especializadas (Policl\u00ednicas e Centros de Aten\u00e7\u00e3o Psicossocial &#8211; CAPS). Ao todo 44 munic\u00edpios est\u00e3o cadastrados no PNCT, sendo 86 unidades de sa\u00fade ofertando tratamento especializado ao fumante.<\/p>\n\n\n\n<p><strong>Doen\u00e7as relacionadas<\/strong><\/p>\n\n\n\n<p>O Instituto Nacional do C\u00e2ncer (Inca) aponta o tabagismo com uma doen\u00e7a, resultante da depend\u00eancia de nicotina, relacionada a aproximadamente 50 enfermidades, dentre elas v\u00e1rios tipos de c\u00e2ncer (pulm\u00e3o, laringe, faringe, es\u00f4fago, est\u00f4mago, p\u00e2ncreas, f\u00edgado, rim, bexiga, colo de \u00fatero, leucemia), doen\u00e7as do aparelho respirat\u00f3rio (enfisema pulmonar, bronquite cr\u00f4nica, asma, infec\u00e7\u00f5es respirat\u00f3rias) e doen\u00e7as cardiovasculares (angina, infarto agudo do mioc\u00e1rdio, hipertens\u00e3o arterial, aneurismas, acidente vascular cerebral, tromboses).<\/p>\n\n\n\n<p>H\u00e1 ainda outras doen\u00e7as relacionadas ao tabagismo: \u00falcera do aparelho digestivo; osteoporose; catarata; impot\u00eancia sexual no homem; infertilidade na mulher; menopausa precoce e complica\u00e7\u00f5es na gravidez.<\/p>\n","protected":false},"excerpt":{"rendered":"<p>A Organiza\u00e7\u00e3o Mundial da Sa\u00fade (OMS) criou no ano de 1987 o Dia Mundial sem tabaco, a data que \u00e9 lembrada no dia 31 de maio, tem o objetivo de alertar sobre as doen\u00e7as e mortes evit\u00e1veis relacionadas ao tabagismo. Dados da Pesquisa Nacional de Sa\u00fade apontam que o Estado do Tocantins possuiu cerca de [&hellip;]<\/p>\n","protected":false},"author":2,"featured_media":3262,"comment_status":"open","ping_status":"open","sticky":false,"template":"","format":"standard","meta":[],"categories":[8],"tags":[],"_links":{"self":[{"href":"https:\/\/dgospel.com.br\/portal\/index.php\/wp-json\/wp\/v2\/posts\/3261"}],"collection":[{"href":"https:\/\/dgospel.com.br\/portal\/index.php\/wp-json\/wp\/v2\/posts"}],"about":[{"href":"https:\/\/dgospel.com.br\/portal\/index.php\/wp-json\/wp\/v2\/types\/post"}],"author":[{"embeddable":true,"href":"https:\/\/dgospel.com.br\/portal\/index.php\/wp-json\/wp\/v2\/users\/2"}],"replies":[{"embeddable":true,"href":"https:\/\/dgospel.com.br\/portal\/index.php\/wp-json\/wp\/v2\/comments?post=3261"}],"version-history":[{"count":1,"href":"https:\/\/dgospel.com.br\/portal\/index.php\/wp-json\/wp\/v2\/posts\/3261\/revisions"}],"predecessor-version":[{"id":3263,"href":"https:\/\/dgospel.com.br\/portal\/index.php\/wp-json\/wp\/v2\/posts\/3261\/revisions\/3263"}],"wp:featuredmedia":[{"embeddable":true,"href":"https:\/\/dgospel.com.br\/portal\/index.php\/wp-json\/wp\/v2\/media\/3262"}],"wp:attachment":[{"href":"https:\/\/dgospel.com.br\/portal\/index.php\/wp-json\/wp\/v2\/media?parent=3261"}],"wp:term":[{"taxonomy":"category","embeddable":true,"href":"https:\/\/dgospel.com.br\/portal\/index.php\/wp-json\/wp\/v2\/categories?post=3261"},{"taxonomy":"post_tag","embeddable":true,"href":"https:\/\/dgospel.com.br\/portal\/index.php\/wp-json\/wp\/v2\/tags?post=3261"}],"curies":[{"name":"wp","href":"https:\/\/api.w.org\/{rel}","templated":true}]}}