{"id":3264,"date":"2019-05-30T17:09:12","date_gmt":"2019-05-30T20:09:12","guid":{"rendered":"http:\/\/dgospel.com.br\/portal\/?p=3264"},"modified":"2019-05-30T17:09:13","modified_gmt":"2019-05-30T20:09:13","slug":"em-evento-da-fieto-antonio-andrade-defende-ajuste-fiscal","status":"publish","type":"post","link":"https:\/\/dgospel.com.br\/portal\/index.php\/2019\/05\/30\/em-evento-da-fieto-antonio-andrade-defende-ajuste-fiscal\/","title":{"rendered":"Em evento da Fieto, Ant\u00f4nio Andrade defende ajuste fiscal"},"content":{"rendered":"\n<p>O presidente da Assembleia Legislativa, deputado Ant\u00f4nio Andrade (PHS), e outros dez parlamentares participaram do lan\u00e7amento da Agenda Legislativa da Ind\u00fastria nesta quarta-feira, 29, em um jantar oferecido pela Federa\u00e7\u00e3o das Ind\u00fastrias do Tocantins (Fieto) na sua sede em Palmas.<br><\/p>\n\n\n\n<p>Em pronunciamento, Andrade defendeu o ajuste fiscal promovido pelo Governo do Estado, por meio do qual, segundo ele, \u201cest\u00e1 procurando se enquadrar na Lei de Responsabilidade Fiscal (LRF); o que \u00e9 imprescind\u00edvel para a contrata\u00e7\u00e3o de empr\u00e9stimos\u201d.<\/p>\n\n\n\n<p>\u201cA gente sabe da import\u00e2ncia da constru\u00e7\u00e3o de hospital em Aragua\u00edna e Gurupi, da necessidade de uma nova ponte para Porto Nacional. E quem participa das reuni\u00f5es do PPA [<em>Plano Plurianual<\/em>], sabe do sofrimento do povo. Portanto, a sa\u00edda \u00e9 buscar a libera\u00e7\u00e3o dos empr\u00e9stimos e a industrializa\u00e7\u00e3o\u201d, disse.<\/p>\n\n\n\n<p>Mais cedo, o presidente da Fieto, Roberto Pires, fez um apelo aos deputados por mais investimentos na entidade e incentivos ao setor que ela representa. Pires disse que chamaria os parlamentares para uma reuni\u00e3o nas escolas do Senai para mostrar-lhes o trabalho social da Federa\u00e7\u00e3o.<\/p>\n\n\n\n<p>Pires apontou tamb\u00e9m para a desindustrializa\u00e7\u00e3o do Tocantins que, a seu ver, \u00e9 causada pela alta carga tribut\u00e1ria. Ele elogiou a isen\u00e7\u00e3o de ICMS promovida pelo Governo ao querosene de avi\u00e3o, o que permitiu a redu\u00e7\u00e3o do pre\u00e7o da passagem a\u00e9rea e a oferta de novas linhas, bem como incentivo \u00e0 compra de caminh\u00f5es durante a \u00faltima Agrotins.<\/p>\n\n\n\n<p>Tamb\u00e9m estiveram presentes os deputados Cleiton Cardoso (PTC), Jorge Frederico (MDB), Z\u00e9 Roberto (PT), L\u00e9o Barbosa (SD), Valderez Castelo Branco (PP), Cl\u00e1udia Lelis (PV), Issan Saado (PV), Nilton Franco (MDB), Olyntho Neto (PSDB) e Elenil da Penha (MDB), al\u00e9m do vice-governador Wanderlei Barbosa (PHS).<\/p>\n","protected":false},"excerpt":{"rendered":"<p>O presidente da Assembleia Legislativa, deputado Ant\u00f4nio Andrade (PHS), e outros dez parlamentares participaram do lan\u00e7amento da Agenda Legislativa da Ind\u00fastria nesta quarta-feira, 29, em um jantar oferecido pela Federa\u00e7\u00e3o das Ind\u00fastrias do Tocantins (Fieto) na sua sede em Palmas. Em pronunciamento, Andrade defendeu o ajuste fiscal promovido pelo Governo do Estado, por meio do [&hellip;]<\/p>\n","protected":false},"author":2,"featured_media":3265,"comment_status":"open","ping_status":"open","sticky":false,"template":"","format":"standard","meta":[],"categories":[8],"tags":[],"_links":{"self":[{"href":"https:\/\/dgospel.com.br\/portal\/index.php\/wp-json\/wp\/v2\/posts\/3264"}],"collection":[{"href":"https:\/\/dgospel.com.br\/portal\/index.php\/wp-json\/wp\/v2\/posts"}],"about":[{"href":"https:\/\/dgospel.com.br\/portal\/index.php\/wp-json\/wp\/v2\/types\/post"}],"author":[{"embeddable":true,"href":"https:\/\/dgospel.com.br\/portal\/index.php\/wp-json\/wp\/v2\/users\/2"}],"replies":[{"embeddable":true,"href":"https:\/\/dgospel.com.br\/portal\/index.php\/wp-json\/wp\/v2\/comments?post=3264"}],"version-history":[{"count":1,"href":"https:\/\/dgospel.com.br\/portal\/index.php\/wp-json\/wp\/v2\/posts\/3264\/revisions"}],"predecessor-version":[{"id":3266,"href":"https:\/\/dgospel.com.br\/portal\/index.php\/wp-json\/wp\/v2\/posts\/3264\/revisions\/3266"}],"wp:featuredmedia":[{"embeddable":true,"href":"https:\/\/dgospel.com.br\/portal\/index.php\/wp-json\/wp\/v2\/media\/3265"}],"wp:attachment":[{"href":"https:\/\/dgospel.com.br\/portal\/index.php\/wp-json\/wp\/v2\/media?parent=3264"}],"wp:term":[{"taxonomy":"category","embeddable":true,"href":"https:\/\/dgospel.com.br\/portal\/index.php\/wp-json\/wp\/v2\/categories?post=3264"},{"taxonomy":"post_tag","embeddable":true,"href":"https:\/\/dgospel.com.br\/portal\/index.php\/wp-json\/wp\/v2\/tags?post=3264"}],"curies":[{"name":"wp","href":"https:\/\/api.w.org\/{rel}","templated":true}]}}