{"id":3267,"date":"2019-05-31T08:48:46","date_gmt":"2019-05-31T11:48:46","guid":{"rendered":"http:\/\/dgospel.com.br\/portal\/?p=3267"},"modified":"2019-05-31T08:48:48","modified_gmt":"2019-05-31T11:48:48","slug":"menina-de-15-anos-e-agredida-ao-evangelizar-em-terminal-de-onibus","status":"publish","type":"post","link":"https:\/\/dgospel.com.br\/portal\/index.php\/2019\/05\/31\/menina-de-15-anos-e-agredida-ao-evangelizar-em-terminal-de-onibus\/","title":{"rendered":"Menina de 15 anos \u00e9 agredida ao evangelizar em terminal de \u00f4nibus"},"content":{"rendered":"\n<p>Uma adolescente de 15 anos foi agredida nesta ter\u00e7a-feira (28) enquanto pregava uma mensagem crist\u00e3 no Terminal Nova Bahia, regi\u00e3o norte de Campo Grande (MS).<\/p>\n\n\n\n<p>Ela estava acompanhada de uma amiga e outra adolescente que fazia a filmagem, quando estava prestes a ler a passagem b\u00edblica de 1 Cor\u00edntios 13. O homem levantou, passou na frente da v\u00edtima e a empurrou, indo embora em seguida.<\/p>\n\n\n\n<p>\u201cQue Deus te perdoe, irm\u00e3o. N\u00e3o precisa fazer isso comigo\u201d, disse a menina.<\/p>\n\n\n\n<p>\u201cMinha filha estava com duas amigas da igreja, por volta das 8 horas. Ela nem estava falando diretamente com ele, at\u00e9 porque o homem permanecia com o rosto virado. \u00c9 indignante ver o v\u00eddeo, eu n\u00e3o aceito e n\u00e3o \u00e9 porque \u00e9 minha filha, poderia ser qualquer menina\u201d, disse ao G1 a diarista Vani Garcia da Silva, de 41 anos.<\/p>\n\n\n\n<p>\u201cEle poderia estar com algum objeto pontiagudo ali e a machucado. Ele deve ser um anticristo, algu\u00e9m que n\u00e3o gosta de ouvir a palavra de Deus\u201d, acrescentou a m\u00e3e da adolescente agredida.<\/p>\n\n\n\n<p>A m\u00e3e informou que o boletim de ocorr\u00eancia est\u00e1 sendo registrado. \u201cN\u00f3s fomos at\u00e9 a 3\u00aa Delegacia de Pol\u00edcia e l\u00e1 eles orientaram para ir at\u00e9 uma delegacia especializada, j\u00e1 que ela \u00e9 menor de idade\u201d, contou Vani.<\/p>\n\n\n\n<p>\u201cMinha filha est\u00e1 quieta, receosa, n\u00e3o quer falar muito sobre este assunto. Mas, eu considero o que aconteceu uma viol\u00eancia contra a mulher. Isso n\u00e3o pode acontecer, ela apenas estava evangelizando, j\u00e1 tinha feito isso em escolas\u201d, comentou a m\u00e3e.<\/p>\n\n\n\n<p>O padrasto da menina, Johnny Domingos, de 48 anos, disse que a fam\u00edlia est\u00e1 horrorizada. \u201cO cara fez isso de repente. Ele levantou e quase a derrubou. Foi um absurdo para um homem com apar\u00eancia de mais de 30 anos, ent\u00e3o decidimos postar nas redes sociais para ver se algu\u00e9m o conhece. Era s\u00f3 levantar e ir embora\u201d, afirmou.<\/p>\n\n\n\n<p>A delegada Mar\u00edlia de Brito, titular da Delegacia Especializada de Prote\u00e7\u00e3o \u00e0 Crian\u00e7a e o Adolescente (Depca), disse que esta pode ser analisada como uma situa\u00e7\u00e3o vexat\u00f3ria ou de perturba\u00e7\u00e3o da tranquilidade, entre outras infra\u00e7\u00f5es.<\/p>\n\n\n\n<p>\u201cProvavelmente ser\u00e1 apurado mediante Termo Circunstanciado de Ocorr\u00eancia [TCO]. Teremos de apurar ainda se, al\u00e9m do v\u00eddeo, houve alguma agress\u00e3o verbal, se eles j\u00e1 se conhecem, algo do tipo. No v\u00eddeo, o que temos \u00e9 um empurr\u00e3o e a infra\u00e7\u00e3o penal de menor potencial ofensivo ser\u00e1 apurada\u201d, disse a delegada.<\/p>\n\n\n\n<p><strong>Fonte: Guiame \/ com informa\u00e7\u00f5es G1 \/ Foto: Divulga\u00e7\u00e3o<\/strong><\/p>\n","protected":false},"excerpt":{"rendered":"<p>Uma adolescente de 15 anos foi agredida nesta ter\u00e7a-feira (28) enquanto pregava uma mensagem crist\u00e3 no Terminal Nova Bahia, regi\u00e3o norte de Campo Grande (MS). Ela estava acompanhada de uma amiga e outra adolescente que fazia a filmagem, quando estava prestes a ler a passagem b\u00edblica de 1 Cor\u00edntios 13. O homem levantou, passou na [&hellip;]<\/p>\n","protected":false},"author":2,"featured_media":3268,"comment_status":"open","ping_status":"open","sticky":false,"template":"","format":"standard","meta":[],"categories":[5],"tags":[],"_links":{"self":[{"href":"https:\/\/dgospel.com.br\/portal\/index.php\/wp-json\/wp\/v2\/posts\/3267"}],"collection":[{"href":"https:\/\/dgospel.com.br\/portal\/index.php\/wp-json\/wp\/v2\/posts"}],"about":[{"href":"https:\/\/dgospel.com.br\/portal\/index.php\/wp-json\/wp\/v2\/types\/post"}],"author":[{"embeddable":true,"href":"https:\/\/dgospel.com.br\/portal\/index.php\/wp-json\/wp\/v2\/users\/2"}],"replies":[{"embeddable":true,"href":"https:\/\/dgospel.com.br\/portal\/index.php\/wp-json\/wp\/v2\/comments?post=3267"}],"version-history":[{"count":1,"href":"https:\/\/dgospel.com.br\/portal\/index.php\/wp-json\/wp\/v2\/posts\/3267\/revisions"}],"predecessor-version":[{"id":3269,"href":"https:\/\/dgospel.com.br\/portal\/index.php\/wp-json\/wp\/v2\/posts\/3267\/revisions\/3269"}],"wp:featuredmedia":[{"embeddable":true,"href":"https:\/\/dgospel.com.br\/portal\/index.php\/wp-json\/wp\/v2\/media\/3268"}],"wp:attachment":[{"href":"https:\/\/dgospel.com.br\/portal\/index.php\/wp-json\/wp\/v2\/media?parent=3267"}],"wp:term":[{"taxonomy":"category","embeddable":true,"href":"https:\/\/dgospel.com.br\/portal\/index.php\/wp-json\/wp\/v2\/categories?post=3267"},{"taxonomy":"post_tag","embeddable":true,"href":"https:\/\/dgospel.com.br\/portal\/index.php\/wp-json\/wp\/v2\/tags?post=3267"}],"curies":[{"name":"wp","href":"https:\/\/api.w.org\/{rel}","templated":true}]}}