{"id":327,"date":"2018-05-24T00:36:57","date_gmt":"2018-05-24T03:36:57","guid":{"rendered":"http:\/\/dgospel.com.br\/portal\/?p=327"},"modified":"2018-05-24T00:36:57","modified_gmt":"2018-05-24T03:36:57","slug":"cinthia-ribeiro-e-confirmada-como-segunda-vice-presidente-da-frente-nacional-de-prefeitos","status":"publish","type":"post","link":"https:\/\/dgospel.com.br\/portal\/index.php\/2018\/05\/24\/cinthia-ribeiro-e-confirmada-como-segunda-vice-presidente-da-frente-nacional-de-prefeitos\/","title":{"rendered":"Cinthia Ribeiro \u00e9 confirmada como segunda vice-presidente da Frente Nacional de Prefeitos"},"content":{"rendered":"<p class=\"yiv1123304884MsoNormal\">A prefeita de Palmas, Cinthia Ribeiro, foi confirmada como segunda vice-presidente da Frente Nacional de Prefeitos (FNP), entidade que representa os munic\u00edpios respons\u00e1veis por 75% do Produto Interno Bruto (PIB) do Pa\u00eds. A informa\u00e7\u00e3o foi repassada pessoalmente pelo presidente da Frente, prefeito de Campinas (SP) Jonas Donizette, por telefone a Cinthia.<\/p>\n<p class=\"yiv1123304884MsoNormal\">\n<p class=\"yiv1123304884MsoNormal\">A escolha de Cinthia para tal posi\u00e7\u00e3o j\u00e1 havia sido sinalizada na 73\u00aa Reuni\u00e3o Geral da FNP em Niter\u00f3i (RJ), em maio deste ano, durante plen\u00e1ria com a presen\u00e7a de mais de 200 participantes. A plen\u00e1ria decidiu, por aclama\u00e7\u00e3o, que todos os titulares de cargos na dire\u00e7\u00e3o na entidade que se desincompatibilazaram para se candidatar seriam substitu\u00eddos pelos seus sucessores.<\/p>\n<p class=\"yiv1123304884MsoNormal\">\n<p class=\"yiv1123304884MsoNormal\">Cinthia Ribeiro ressalta que a manuten\u00e7\u00e3o de Palmas em um cargo de destaque dentro da FNP garante \u00e0 Capital uma liga\u00e7\u00e3o estrat\u00e9gica com entidades e outros gestores envolvidos na miss\u00e3o de tornar suas cidades mais modernas, democr\u00e1ticas e inclusivas.<\/p>\n","protected":false},"excerpt":{"rendered":"<p>A prefeita de Palmas, Cinthia Ribeiro, foi confirmada como segunda vice-presidente da Frente Nacional de Prefeitos (FNP), entidade que representa os munic\u00edpios respons\u00e1veis por 75% do Produto Interno Bruto (PIB) do Pa\u00eds. A informa\u00e7\u00e3o foi repassada pessoalmente pelo presidente da Frente, prefeito de Campinas (SP) Jonas Donizette, por telefone a Cinthia. A escolha de Cinthia [&hellip;]<\/p>\n","protected":false},"author":2,"featured_media":328,"comment_status":"open","ping_status":"open","sticky":false,"template":"","format":"standard","meta":[],"categories":[2,3,10],"tags":[],"_links":{"self":[{"href":"https:\/\/dgospel.com.br\/portal\/index.php\/wp-json\/wp\/v2\/posts\/327"}],"collection":[{"href":"https:\/\/dgospel.com.br\/portal\/index.php\/wp-json\/wp\/v2\/posts"}],"about":[{"href":"https:\/\/dgospel.com.br\/portal\/index.php\/wp-json\/wp\/v2\/types\/post"}],"author":[{"embeddable":true,"href":"https:\/\/dgospel.com.br\/portal\/index.php\/wp-json\/wp\/v2\/users\/2"}],"replies":[{"embeddable":true,"href":"https:\/\/dgospel.com.br\/portal\/index.php\/wp-json\/wp\/v2\/comments?post=327"}],"version-history":[{"count":1,"href":"https:\/\/dgospel.com.br\/portal\/index.php\/wp-json\/wp\/v2\/posts\/327\/revisions"}],"predecessor-version":[{"id":329,"href":"https:\/\/dgospel.com.br\/portal\/index.php\/wp-json\/wp\/v2\/posts\/327\/revisions\/329"}],"wp:featuredmedia":[{"embeddable":true,"href":"https:\/\/dgospel.com.br\/portal\/index.php\/wp-json\/wp\/v2\/media\/328"}],"wp:attachment":[{"href":"https:\/\/dgospel.com.br\/portal\/index.php\/wp-json\/wp\/v2\/media?parent=327"}],"wp:term":[{"taxonomy":"category","embeddable":true,"href":"https:\/\/dgospel.com.br\/portal\/index.php\/wp-json\/wp\/v2\/categories?post=327"},{"taxonomy":"post_tag","embeddable":true,"href":"https:\/\/dgospel.com.br\/portal\/index.php\/wp-json\/wp\/v2\/tags?post=327"}],"curies":[{"name":"wp","href":"https:\/\/api.w.org\/{rel}","templated":true}]}}