{"id":3270,"date":"2019-05-31T08:56:08","date_gmt":"2019-05-31T11:56:08","guid":{"rendered":"http:\/\/dgospel.com.br\/portal\/?p=3270"},"modified":"2019-05-31T08:56:09","modified_gmt":"2019-05-31T11:56:09","slug":"ad-seta-realiza-1a-conferencia-de-mulheres-em-redencao-pa","status":"publish","type":"post","link":"https:\/\/dgospel.com.br\/portal\/index.php\/2019\/05\/31\/ad-seta-realiza-1a-conferencia-de-mulheres-em-redencao-pa\/","title":{"rendered":"AD Seta realiza 1\u00aa Confer\u00eancia de Mulheres em Reden\u00e7\u00e3o (PA)"},"content":{"rendered":"\n<p>Com base no tema: &#8220;Renda-se!&#8221;, a AD Seta Reden\u00e7\u00e3o (PA), igreja presidida pelo pastor Possid\u00f4nio Martins Reis, presidente do Conselho Regional Norte, realizou a 1\u00aa Confer\u00eancia de Mulheres nos dias 24 e 25 de maio.<\/p>\n\n\n\n<figure class=\"wp-block-image\"><img loading=\"lazy\" width=\"1280\" height=\"853\" src=\"http:\/\/dgospel.com.br\/portal\/wp-content\/uploads\/2019\/05\/2-1024x682.jpg\" alt=\"\" class=\"wp-image-3272\" srcset=\"https:\/\/dgospel.com.br\/portal\/wp-content\/uploads\/2019\/05\/2-1024x682.jpg 1024w, https:\/\/dgospel.com.br\/portal\/wp-content\/uploads\/2019\/05\/2-300x200.jpg 300w, https:\/\/dgospel.com.br\/portal\/wp-content\/uploads\/2019\/05\/2-768x512.jpg 768w, https:\/\/dgospel.com.br\/portal\/wp-content\/uploads\/2019\/05\/2.jpg 1280w\" sizes=\"(max-width: 1280px) 100vw, 1280px\" \/><\/figure>\n\n\n\n<p>Na sexta-feira, o ato inaugural foi realizado no Templo Central da Igreja, e no s\u00e1bado, no Country Clube de Reden\u00e7\u00e3o. A festividade foi encerrada com um jantar de gala. O evento contou com caravanas de mulheres&nbsp;de v\u00e1rias cidades como Goi\u00e2nia, Palmas, Para\u00edso, Aragua\u00edna, Concei\u00e7\u00e3o do Araguaia, Cumar\u00fa do Norte, dentre outras.<\/p>\n\n\n\n<p>A Palavra de Deus foi ministrada pela mission\u00e1ria L\u00e9a Costa (SP).&nbsp;Vidas foram impactadas, casamentos restaurados, minist\u00e9rios renovados e o nome de Jesus foi glorificado.<\/p>\n\n\n\n<p>A organiza\u00e7\u00e3o ficou a cargo do Departamento Feminino da Igreja, liderado por Leonice Campos.<br><\/p>\n\n\n\n<figure class=\"wp-block-image\"><img loading=\"lazy\" width=\"1024\" height=\"768\" src=\"http:\/\/dgospel.com.br\/portal\/wp-content\/uploads\/2019\/05\/3-1024x768.jpg\" alt=\"\" class=\"wp-image-3273\" srcset=\"https:\/\/dgospel.com.br\/portal\/wp-content\/uploads\/2019\/05\/3-1024x768.jpg 1024w, https:\/\/dgospel.com.br\/portal\/wp-content\/uploads\/2019\/05\/3-300x225.jpg 300w, https:\/\/dgospel.com.br\/portal\/wp-content\/uploads\/2019\/05\/3-768x576.jpg 768w, https:\/\/dgospel.com.br\/portal\/wp-content\/uploads\/2019\/05\/3.jpg 1280w\" sizes=\"(max-width: 1024px) 100vw, 1024px\" \/><\/figure>\n","protected":false},"excerpt":{"rendered":"<p>Com base no tema: &#8220;Renda-se!&#8221;, a AD Seta Reden\u00e7\u00e3o (PA), igreja presidida pelo pastor Possid\u00f4nio Martins Reis, presidente do Conselho Regional Norte, realizou a 1\u00aa Confer\u00eancia de Mulheres nos dias 24 e 25 de maio. Na sexta-feira, o ato inaugural foi realizado no Templo Central da Igreja, e no s\u00e1bado, no Country Clube de Reden\u00e7\u00e3o. [&hellip;]<\/p>\n","protected":false},"author":2,"featured_media":3271,"comment_status":"open","ping_status":"open","sticky":false,"template":"","format":"standard","meta":[],"categories":[5],"tags":[],"_links":{"self":[{"href":"https:\/\/dgospel.com.br\/portal\/index.php\/wp-json\/wp\/v2\/posts\/3270"}],"collection":[{"href":"https:\/\/dgospel.com.br\/portal\/index.php\/wp-json\/wp\/v2\/posts"}],"about":[{"href":"https:\/\/dgospel.com.br\/portal\/index.php\/wp-json\/wp\/v2\/types\/post"}],"author":[{"embeddable":true,"href":"https:\/\/dgospel.com.br\/portal\/index.php\/wp-json\/wp\/v2\/users\/2"}],"replies":[{"embeddable":true,"href":"https:\/\/dgospel.com.br\/portal\/index.php\/wp-json\/wp\/v2\/comments?post=3270"}],"version-history":[{"count":1,"href":"https:\/\/dgospel.com.br\/portal\/index.php\/wp-json\/wp\/v2\/posts\/3270\/revisions"}],"predecessor-version":[{"id":3274,"href":"https:\/\/dgospel.com.br\/portal\/index.php\/wp-json\/wp\/v2\/posts\/3270\/revisions\/3274"}],"wp:featuredmedia":[{"embeddable":true,"href":"https:\/\/dgospel.com.br\/portal\/index.php\/wp-json\/wp\/v2\/media\/3271"}],"wp:attachment":[{"href":"https:\/\/dgospel.com.br\/portal\/index.php\/wp-json\/wp\/v2\/media?parent=3270"}],"wp:term":[{"taxonomy":"category","embeddable":true,"href":"https:\/\/dgospel.com.br\/portal\/index.php\/wp-json\/wp\/v2\/categories?post=3270"},{"taxonomy":"post_tag","embeddable":true,"href":"https:\/\/dgospel.com.br\/portal\/index.php\/wp-json\/wp\/v2\/tags?post=3270"}],"curies":[{"name":"wp","href":"https:\/\/api.w.org\/{rel}","templated":true}]}}