{"id":3275,"date":"2019-05-31T09:06:56","date_gmt":"2019-05-31T12:06:56","guid":{"rendered":"http:\/\/dgospel.com.br\/portal\/?p=3275"},"modified":"2019-05-31T09:06:58","modified_gmt":"2019-05-31T12:06:58","slug":"camara-aprova-medida-que-cria-programa-de-revisao-do-inss","status":"publish","type":"post","link":"https:\/\/dgospel.com.br\/portal\/index.php\/2019\/05\/31\/camara-aprova-medida-que-cria-programa-de-revisao-do-inss\/","title":{"rendered":"C\u00e2mara aprova medida que cria programa de revis\u00e3o do INSS"},"content":{"rendered":"\n<p>O plen\u00e1rio da C\u00e2mara aprovou na madrugada desta quinta-feira (30) a Medida-Provis\u00f3ria (MP) 871\/19, que cria um programa de revis\u00e3o de benef\u00edcios do Instituto Nacional do Seguro Social (INSS), exige cadastro do trabalhador rural e restringe o pagamento de aux\u00edlio-reclus\u00e3o apenas aos casos de pena em regime fechado.<\/p>\n\n\n\n<p>O Senado j\u00e1 marcou para hoje a vota\u00e7\u00e3o da MP, que perde a validade na segunda-feira (3).<\/p>\n\n\n\n<p>Pelo texto aprovado na C\u00e2mara, de relatoria do deputado Paulo Eduardo Martins (PSC-PR), o INSS passar\u00e1 a ter acesso a dados da Receita Federal, do Sistema \u00danico de Sa\u00fade (SUS), de movimenta\u00e7\u00e3o do Fundo de Garantia por Tempo de Servi\u00e7o (FGTS) e outros para concess\u00e3o, revis\u00e3o ou manuten\u00e7\u00e3o de benef\u00edcios.<\/p>\n\n\n\n<p>Com a aprova\u00e7\u00e3o da MP, o pequeno produtor rural precisar\u00e1 comprovar o tempo de exerc\u00edcio de atividade rural por meio de autodeclara\u00e7\u00e3o ratificada pelo Programa Nacional de Assist\u00eancia T\u00e9cnica e Extens\u00e3o Rural (Pronater). O INSS n\u00e3o aceitar\u00e1 mais documenta\u00e7\u00f5es emitidas por sindicatos rurais.<\/p>\n\n\n\n<p>Durante a vota\u00e7\u00e3o dos destaques, foi aprovado o que trata do compartilhamento de dados de entidades privadas obtidos pelo INSS com outras entidades privadas e que manteve o Benef\u00edcio de Presta\u00e7\u00e3o Continuada (BPC) na lista de tipos de benef\u00edcios que poder\u00e3o ser alvo de pente fino por parte do INSS. Tamb\u00e9m foi aprovado o aumento de 30 dias para 60 dias o prazo para o trabalhador rural e agricultor familiar apresentar provas contra ind\u00edcios de irregularidades apontadas pelo INSS.<\/p>\n\n\n\n<p>A proibi\u00e7\u00e3o de pessoas que n\u00e3o sejam m\u00e9dicas, presentes durante a per\u00edcia do segurado, exceto quando autorizada pelo m\u00e9dico perito, tamb\u00e9m foi aprovada. Al\u00e9m disso, a per\u00edcia por telemedicina n\u00e3o poder\u00e1 ser usada.<\/p>\n\n\n\n<p><strong>Fonte: Ag\u00eancia Brasil\/ Com informa\u00e7\u00f5es da Ag\u00eancia C\u00e2mara &#8211;<\/strong><\/p>\n","protected":false},"excerpt":{"rendered":"<p>O plen\u00e1rio da C\u00e2mara aprovou na madrugada desta quinta-feira (30) a Medida-Provis\u00f3ria (MP) 871\/19, que cria um programa de revis\u00e3o de benef\u00edcios do Instituto Nacional do Seguro Social (INSS), exige cadastro do trabalhador rural e restringe o pagamento de aux\u00edlio-reclus\u00e3o apenas aos casos de pena em regime fechado. O Senado j\u00e1 marcou para hoje a [&hellip;]<\/p>\n","protected":false},"author":2,"featured_media":3276,"comment_status":"open","ping_status":"open","sticky":false,"template":"","format":"standard","meta":[],"categories":[6],"tags":[],"_links":{"self":[{"href":"https:\/\/dgospel.com.br\/portal\/index.php\/wp-json\/wp\/v2\/posts\/3275"}],"collection":[{"href":"https:\/\/dgospel.com.br\/portal\/index.php\/wp-json\/wp\/v2\/posts"}],"about":[{"href":"https:\/\/dgospel.com.br\/portal\/index.php\/wp-json\/wp\/v2\/types\/post"}],"author":[{"embeddable":true,"href":"https:\/\/dgospel.com.br\/portal\/index.php\/wp-json\/wp\/v2\/users\/2"}],"replies":[{"embeddable":true,"href":"https:\/\/dgospel.com.br\/portal\/index.php\/wp-json\/wp\/v2\/comments?post=3275"}],"version-history":[{"count":1,"href":"https:\/\/dgospel.com.br\/portal\/index.php\/wp-json\/wp\/v2\/posts\/3275\/revisions"}],"predecessor-version":[{"id":3277,"href":"https:\/\/dgospel.com.br\/portal\/index.php\/wp-json\/wp\/v2\/posts\/3275\/revisions\/3277"}],"wp:featuredmedia":[{"embeddable":true,"href":"https:\/\/dgospel.com.br\/portal\/index.php\/wp-json\/wp\/v2\/media\/3276"}],"wp:attachment":[{"href":"https:\/\/dgospel.com.br\/portal\/index.php\/wp-json\/wp\/v2\/media?parent=3275"}],"wp:term":[{"taxonomy":"category","embeddable":true,"href":"https:\/\/dgospel.com.br\/portal\/index.php\/wp-json\/wp\/v2\/categories?post=3275"},{"taxonomy":"post_tag","embeddable":true,"href":"https:\/\/dgospel.com.br\/portal\/index.php\/wp-json\/wp\/v2\/tags?post=3275"}],"curies":[{"name":"wp","href":"https:\/\/api.w.org\/{rel}","templated":true}]}}