{"id":3281,"date":"2019-05-31T15:20:22","date_gmt":"2019-05-31T18:20:22","guid":{"rendered":"http:\/\/dgospel.com.br\/portal\/?p=3281"},"modified":"2019-05-31T15:20:24","modified_gmt":"2019-05-31T18:20:24","slug":"bolsonaro-sera-que-nao-esta-na-hora-de-termos-um-ministro-evangelico-no-stf","status":"publish","type":"post","link":"https:\/\/dgospel.com.br\/portal\/index.php\/2019\/05\/31\/bolsonaro-sera-que-nao-esta-na-hora-de-termos-um-ministro-evangelico-no-stf\/","title":{"rendered":"Bolsonaro: &#8216;Ser\u00e1 que n\u00e3o est\u00e1 na hora de termos um ministro evang\u00e9lico no STF?&#8217;"},"content":{"rendered":"\n<p>O presidente Jair<strong>Bolsonaro<\/strong>&nbsp;criticou\nnesta sexta-feira a possibilidade de o Supremo Tribunal Federal (&nbsp;<strong>STF<\/strong>&nbsp;) enquadrar a&nbsp;<strong>homofobia<\/strong>&nbsp;como crime de\nracismo e sugeriu que \u00e9 o momento de o pa\u00eds ter um ministro da Corte\ndeclaradamente&nbsp;<strong>evang\u00e9lico<\/strong>&nbsp;. Em encontro\nda Conven\u00e7\u00e3o Nacional das Assembleias de Deus Madureira, em Goi\u00e2nia, afirmou\nque o STF, ao tratar do tema, \u201cao que parece, quer legislar\u201d.<\/p>\n\n\n\n<p>J\u00e1 h\u00e1 maioria no Supremo a favor\nda criminaliza\u00e7\u00e3o da homofobia, mas o julgamento foi interrompido e dever\u00e1 ser\nretomado na semana que vem.&nbsp;Durante a semana, Bolsonaro e o presidente do\nSTF, Dias Toffoli, se encontraram em tr\u00eas oportunidades: quando anunciaram a\ninten\u00e7\u00e3o de firmar um pacto pelo \u201ccrescimento\u201d; no lan\u00e7amento da Frente da\nMarinha Mercante, no Clube Naval, em Bras\u00edlia, e no caf\u00e9 da manh\u00e3 oferecido a\ndeputadas.<\/p>\n\n\n\n<p>\u2014 O Supremo Tribunal Federal\nagora est\u00e1 discutindo se homofobia pode ser tipificada como racismo. Desculpem,\nministros do supremo tribunal federal, a quem eu respeito, e jamais atacaria um\noutro Poder. Mas, ao que parece, est\u00e3o legislando. O Estado \u00e9 laico, mas eu sou\ncrist\u00e3o. Como todo respeito ao Supremo Tribunal Federal, existe algum, entre os\n11 ministros, evang\u00e9lico, crist\u00e3o assumido? N\u00e3o me vem \u00e0 imprensa dizer que\nquero misturar Justi\u00e7a com religi\u00e3o. Ser\u00e1 que n\u00e3o est\u00e1 na hora de termos um\nministro do Supremo Tribunal Federal evang\u00e9lico? \u2013 disse Bolsonaro, sendo\nbastante aplaudido pelos presentes (assista, no v\u00eddeo, a partir de 16:00).<\/p>\n\n\n\n<p>Para a plateia formada por\nevang\u00e9licos e acompanhado pelo governador de Goi\u00e1s, Ronaldo Caiado, pelo l\u00edder\ndo governo, Major Vitor Hugo (PSL-GO), al\u00e9m de deputados estaduais, o\npresidente afirmou que os pol\u00edticos t\u00eam fama de \u201cmentirosos\u201d. Ele afirmou que o\ngoverno tem resistido a press\u00f5es e se empenhado para cumprir as promessas de\ncampanha:<\/p>\n\n\n\n<p>\u2014 Nossa fama, dos pol\u00edticos,\ngovernador, presidente, Legislativo, \u00e9 de mentiroso. A nossa fama \u00e9 de mentiroso.\n\u00c9 generalizar? \u00c9. Tem um monte de gente boa? Tem. Mas \u00e9 nossa fama. E a\nimprensa come\u00e7ou a debochar de mim (na campanha eleitoral), dizendo que, sem\nmentir, n\u00e3o chegaria \u00e0 Presid\u00eancia. N\u00f3s, mais uma vez, mostramos que a imprensa\nestava errada. Estamos fazendo de tudo para que tudo aquilo que foi prometido\ndurante a campanha seja efetivamente realizado ao longo do mandato. Outro\npol\u00edtico no meu lugar dificilmente resistiria \u00e0s press\u00f5es. Aquela tentativa de\nmudar o governo e o resto continuar como sempre esteve\u2026 Resistimos a isso. N\u00e3o\n\u00e9 por mim, \u00e9 pelo pa\u00eds.<\/p>\n\n\n\n<p><strong>Fonte: oglobo<\/strong><strong><\/strong><\/p>\n","protected":false},"excerpt":{"rendered":"<p>O presidente JairBolsonaro&nbsp;criticou nesta sexta-feira a possibilidade de o Supremo Tribunal Federal (&nbsp;STF&nbsp;) enquadrar a&nbsp;homofobia&nbsp;como crime de racismo e sugeriu que \u00e9 o momento de o pa\u00eds ter um ministro da Corte declaradamente&nbsp;evang\u00e9lico&nbsp;. Em encontro da Conven\u00e7\u00e3o Nacional das Assembleias de Deus Madureira, em Goi\u00e2nia, afirmou que o STF, ao tratar do tema, \u201cao que [&hellip;]<\/p>\n","protected":false},"author":2,"featured_media":3282,"comment_status":"open","ping_status":"open","sticky":false,"template":"","format":"standard","meta":[],"categories":[6,4],"tags":[],"_links":{"self":[{"href":"https:\/\/dgospel.com.br\/portal\/index.php\/wp-json\/wp\/v2\/posts\/3281"}],"collection":[{"href":"https:\/\/dgospel.com.br\/portal\/index.php\/wp-json\/wp\/v2\/posts"}],"about":[{"href":"https:\/\/dgospel.com.br\/portal\/index.php\/wp-json\/wp\/v2\/types\/post"}],"author":[{"embeddable":true,"href":"https:\/\/dgospel.com.br\/portal\/index.php\/wp-json\/wp\/v2\/users\/2"}],"replies":[{"embeddable":true,"href":"https:\/\/dgospel.com.br\/portal\/index.php\/wp-json\/wp\/v2\/comments?post=3281"}],"version-history":[{"count":1,"href":"https:\/\/dgospel.com.br\/portal\/index.php\/wp-json\/wp\/v2\/posts\/3281\/revisions"}],"predecessor-version":[{"id":3283,"href":"https:\/\/dgospel.com.br\/portal\/index.php\/wp-json\/wp\/v2\/posts\/3281\/revisions\/3283"}],"wp:featuredmedia":[{"embeddable":true,"href":"https:\/\/dgospel.com.br\/portal\/index.php\/wp-json\/wp\/v2\/media\/3282"}],"wp:attachment":[{"href":"https:\/\/dgospel.com.br\/portal\/index.php\/wp-json\/wp\/v2\/media?parent=3281"}],"wp:term":[{"taxonomy":"category","embeddable":true,"href":"https:\/\/dgospel.com.br\/portal\/index.php\/wp-json\/wp\/v2\/categories?post=3281"},{"taxonomy":"post_tag","embeddable":true,"href":"https:\/\/dgospel.com.br\/portal\/index.php\/wp-json\/wp\/v2\/tags?post=3281"}],"curies":[{"name":"wp","href":"https:\/\/api.w.org\/{rel}","templated":true}]}}