{"id":3288,"date":"2019-06-03T17:01:59","date_gmt":"2019-06-03T20:01:59","guid":{"rendered":"http:\/\/dgospel.com.br\/portal\/?p=3288"},"modified":"2019-06-03T17:06:05","modified_gmt":"2019-06-03T20:06:05","slug":"vice-governador-recebe-homenagem-durante-a-solenidade-taquarucu-capital-por-um-dia","status":"publish","type":"post","link":"https:\/\/dgospel.com.br\/portal\/index.php\/2019\/06\/03\/vice-governador-recebe-homenagem-durante-a-solenidade-taquarucu-capital-por-um-dia\/","title":{"rendered":"Vice-governador recebe homenagem durante a solenidade \u201cTaquaru\u00e7u Capital Por um Dia\u201d"},"content":{"rendered":"\n<p>Na manh\u00e3 deste s\u00e1bado, 1\u00ba de junho, o vice-governador Wanderlei Barbosa foi homenageado no distrito de Taquaru\u00e7u em reconhecimento hist\u00f3rico da sua iniciativa legislativa com o projeto de Lei de sua autoria \u201cTaquaru\u00e7u Capital por um Dia\u201d. A entrega da homenagem aconteceu durante a solenidade de transfer\u00eancia da sede dos Poderes Executivo e Legislativo do munic\u00edpio de Palmas para o ent\u00e3o distrito de Taquaru\u00e7u na Escola Municipal Crispim Pereira Alencar.<\/p>\n\n\n\n<p>A programa\u00e7\u00e3o do evento deu in\u00edcio com a entoa\u00e7\u00e3o do Hino Nacional Brasileiro e a composi\u00e7\u00e3o da mesa presidida pelo vereador Marilon Barbosa, que convidou a prefeita Cinthia Ribeiro, a deputada Vanda Monteiro, o vice-governador Wanderley Barbosa, o deputado L\u00e9o Barbosa e o senador Eduardo Gomes para abrirem a sess\u00e3o.<\/p>\n\n\n\n<p>Durante o evento foram apresentados requerimentos dos vereadores, ordens de servi\u00e7o do executivo e aviso de licita\u00e7\u00f5es, dentre outros, onde em sua maioria beneficiavam o munic\u00edpio de Taquaru\u00e7u e Buritirana. Ainda foram realizadas as referidas homenagens direcionadas \u00e0queles que&nbsp;contribu\u00edram para a cria\u00e7\u00e3o da capital e fizeram de Taquaru\u00e7u uma parte dessa hist\u00f3ria, como o vice-governador Wanderlei Barbosa e seu pai e 1\u00ba prefeito de Palmas, Fenelon Barbosa.<\/p>\n\n\n\n<p>Ap\u00f3s receber a homenagem, o vice-governador Wanderlei Barbosa expressou alegria e felicidade de participar mais uma vez do evento cujo a proposta teve sua autoria e foi idealizado por um grande amigo.<\/p>\n\n\n\n<p>\u201cA minha alegria foi ter apresentado essa ementa de Lei muito importante, porque ela traz o reconhecimento da hist\u00f3ria e luta de muitas pessoas que contribu\u00edram na cria\u00e7\u00e3o e na constru\u00e7\u00e3o da capital. Eu sou o autor dessa Emenda, mas tamb\u00e9m quero fazer jus ao nome do M\u00e1rio que \u00e9 um grande amigo meu que me deu essa ideia e pediu que fosse apresentada\u201d, pontuou o vice-governador.<\/p>\n\n\n\n<p>\u201cE \u00e9 claro que neste momento de lembrar a hist\u00f3ria tivemos personagens importantes que criaram Palmas para n\u00f3s e merecem&nbsp;sempre o nosso respeito e admira\u00e7\u00e3o pela coragem e persist\u00eancia, que s\u00e3o os nossos vereadores pioneiros autores da lei de emancipa\u00e7\u00e3o do munic\u00edpio [antes \u00e1rea de Porto Nacional] de transfer\u00eancia da cidade para Palmas, e os&nbsp;mais importantes, que todos que j\u00e1 foram prefeitos de Palmas sabem, que \u00e9 Fenelon Barbosa e Jo\u00e3o de Zelina respons\u00e1veis pela implanta\u00e7\u00e3o da capital. Na mesma linha que todo governo do estado sabe e saber\u00e1 daqui mil anos, que historicamente Siqueira Campos \u00e9 o autor das leis que criou o Tocantins para n\u00f3s. E \u00e9 assim que queremos conviver, com uma hist\u00f3ria linda e inabal\u00e1vel por qualquer raz\u00e3o ideol\u00f3gica moment\u00e2nea\u201d, conclui.<\/p>\n\n\n\n<p>Na oportunidade tamb\u00e9m foram homenageados os pioneiros da capital, vereadores que contribu\u00edram para a efetiva\u00e7\u00e3o da proposta de transfer\u00eancia, bem como o primeiro prefeito da capital e pai do vice-governador, Fenelon Barbosa, que colaborou para a cria\u00e7\u00e3o e constru\u00e7\u00e3o de Palmas.<\/p>\n\n\n\n<p><strong>Taquaru\u00e7u Capital por um dia<\/strong><\/p>\n\n\n\n<p>No ano de 2006, o ent\u00e3o vereador e atual vice-governador do Estado, Wanderlei Barbosa apresentou a Emenda n\u00ba 053\/2006 a Lei Org\u00e2nica do munic\u00edpio que determinava que na data de 1\u00ba de junho de cada ano, o distrito de Taquaru\u00e7u se torne sede dos poderes executivo e legislativo em homenagem ao antigo Taquaru\u00e7u do Porto que cedeu parte do seu territ\u00f3rio para a implanta\u00e7\u00e3o de Palmas em 1\u00ba de janeiro de 1990. Na \u00e9poca o prefeito Fenelon Barbosa e os nove vereadores do local realizaram a transfer\u00eancia da sede administrativa do munic\u00edpio para Palmas, contribuindo assim para a constru\u00e7\u00e3o da nova capital do Tocantins.<\/p>\n\n\n\n<p><strong>Presen\u00e7as<\/strong><\/p>\n\n\n\n<p>Ainda estiveram presentes os vereadores Etinho Nordeste, Jucelino, Folha, Rog\u00e9rio Santos, Major Negreiros, H\u00e9lio Santana, Moisemar Marinho, Laudecy Coimbra, Valdim do Povo, Milton Neres e L\u00facio Campelo.<\/p>\n","protected":false},"excerpt":{"rendered":"<p>Na manh\u00e3 deste s\u00e1bado, 1\u00ba de junho, o vice-governador Wanderlei Barbosa foi homenageado no distrito de Taquaru\u00e7u em reconhecimento hist\u00f3rico da sua iniciativa legislativa com o projeto de Lei de sua autoria \u201cTaquaru\u00e7u Capital por um Dia\u201d. A entrega da homenagem aconteceu durante a solenidade de transfer\u00eancia da sede dos Poderes Executivo e Legislativo do [&hellip;]<\/p>\n","protected":false},"author":2,"featured_media":3289,"comment_status":"open","ping_status":"open","sticky":false,"template":"","format":"standard","meta":[],"categories":[8],"tags":[],"_links":{"self":[{"href":"https:\/\/dgospel.com.br\/portal\/index.php\/wp-json\/wp\/v2\/posts\/3288"}],"collection":[{"href":"https:\/\/dgospel.com.br\/portal\/index.php\/wp-json\/wp\/v2\/posts"}],"about":[{"href":"https:\/\/dgospel.com.br\/portal\/index.php\/wp-json\/wp\/v2\/types\/post"}],"author":[{"embeddable":true,"href":"https:\/\/dgospel.com.br\/portal\/index.php\/wp-json\/wp\/v2\/users\/2"}],"replies":[{"embeddable":true,"href":"https:\/\/dgospel.com.br\/portal\/index.php\/wp-json\/wp\/v2\/comments?post=3288"}],"version-history":[{"count":1,"href":"https:\/\/dgospel.com.br\/portal\/index.php\/wp-json\/wp\/v2\/posts\/3288\/revisions"}],"predecessor-version":[{"id":3290,"href":"https:\/\/dgospel.com.br\/portal\/index.php\/wp-json\/wp\/v2\/posts\/3288\/revisions\/3290"}],"wp:featuredmedia":[{"embeddable":true,"href":"https:\/\/dgospel.com.br\/portal\/index.php\/wp-json\/wp\/v2\/media\/3289"}],"wp:attachment":[{"href":"https:\/\/dgospel.com.br\/portal\/index.php\/wp-json\/wp\/v2\/media?parent=3288"}],"wp:term":[{"taxonomy":"category","embeddable":true,"href":"https:\/\/dgospel.com.br\/portal\/index.php\/wp-json\/wp\/v2\/categories?post=3288"},{"taxonomy":"post_tag","embeddable":true,"href":"https:\/\/dgospel.com.br\/portal\/index.php\/wp-json\/wp\/v2\/tags?post=3288"}],"curies":[{"name":"wp","href":"https:\/\/api.w.org\/{rel}","templated":true}]}}