{"id":3291,"date":"2019-06-03T17:12:25","date_gmt":"2019-06-03T20:12:25","guid":{"rendered":"http:\/\/dgospel.com.br\/portal\/?p=3291"},"modified":"2019-06-03T17:12:27","modified_gmt":"2019-06-03T20:12:27","slug":"onu-reconhece-aumento-da-violencia-religiosa-em-data-de-homenagem-a-vitimas","status":"publish","type":"post","link":"https:\/\/dgospel.com.br\/portal\/index.php\/2019\/06\/03\/onu-reconhece-aumento-da-violencia-religiosa-em-data-de-homenagem-a-vitimas\/","title":{"rendered":"ONU reconhece aumento da viol\u00eancia religiosa em data de homenagem a v\u00edtimas"},"content":{"rendered":"\n<p>A Assembleia Geral da<strong>&nbsp;<a href=\"https:\/\/guiame.com.br\/gospel\/israel\/embaixador-de-israel-cita-biblia-na-onu-para-provar-que-o-pais-pertence-aos-judeus.html\">ONU<\/a><\/strong>&nbsp;reconheceu a viol\u00eancia e perseguil\u00e7\u00e3o religiosa que ocorrem em diversos pa\u00edses ao designar o dia 22 de agosto como a data internacional para homenagear as v\u00edtimas de atos de viol\u00eancia baseada na religi\u00e3o ou cren\u00e7a.<\/p>\n\n\n\n<p>A resolu\u00e7\u00e3o foi copatrocinada pelo&nbsp;<strong><a href=\"https:\/\/guiame.com.br\/gospel\/noticias\/damares-alves-se-compromete-ser-voz-em-defesa-dos-cristaos-perseguidos-no-mundo.html\">Brasil<\/a><\/strong>&nbsp;junto com Canad\u00e1, Estados Unidos, Pol\u00f4nia, Egito, Iraque, Jord\u00e2nia, Nig\u00e9ria e Paquist\u00e3o, e adotada por consenso pelos 193 membros da entidade na ter\u00e7a-feira (24).<\/p>\n\n\n\n<p>O documento diz deplorar \u201ctodos os atos de viol\u00eancia contra pessoas com base em sua religi\u00e3o ou cren\u00e7a, bem como quaisquer atos dirigidos contra os seus lares, empresas, propriedades, escolas, centros culturais ou locais de culto, el\u00e9m dos ataques contra ou em lugares religiosos, locais e santu\u00e1rios que violam o direito internacional \u201d.<\/p>\n\n\n\n<p>A resolu\u00e7\u00e3o diz ainda que \u201co terrorismo e o extremismo violento em todas as suas formas e manifesta\u00e7\u00f5es n\u00e3o podem e n\u00e3o devem estar associados a nenhuma religi\u00e3o, nacionalidade, civiliza\u00e7\u00e3o ou grupo \u00e9tnico\u201d.<\/p>\n\n\n\n<p><strong>Combate crimes de \u00f3dio relacionados \u00e0 religi\u00e3o<\/strong><\/p>\n\n\n\n<p>O documento enfatiza que \u201cliberdade de religi\u00e3o ou cren\u00e7a, liberdade de opini\u00e3o e express\u00e3o, direito \u00e0 reuni\u00e3o pac\u00edfica e direito \u00e0 liberdade de associa\u00e7\u00e3o s\u00e3o interdependentes, interrelacionados e refor\u00e7am-se mutuamente, e salientar o papel que esses direitos podem desempenhar na luta contra todas as formas de&nbsp;<strong><a href=\"https:\/\/guiame.com.br\/gospel\/mundo-cristao\/casal-e-condenado-prisao-por-praticar-o-cristianismo-no-ira.html\">intoler\u00e2ncia<\/a><\/strong>&nbsp;e discrimina\u00e7\u00e3o com base na religi\u00e3o ou cren\u00e7a\u201d.<\/p>\n\n\n\n<p>O Dia Internacional ter\u00e1 como objetivo \u201chomenagear as v\u00edtimas e os sobreviventes que muitas vezes permanecem esquecidos\u201d, disse o ministro das Rela\u00e7\u00f5es Exteriores da Pol\u00f4nia, Jacek Czaputowicz.<\/p>\n\n\n\n<p>Ele relembrou a onda de ataques nos \u00faltimos meses, inclusive em mesquitas em&nbsp;<strong><a href=\"https:\/\/guiame.com.br\/gospel\/noticias\/ore-pela-paz-de-deus-pede-jornalista-cristao-apos-atentados-que-mataram-49-em-mesquitas.html\">Christchurch<\/a><\/strong>, na Nova Zel\u00e2ndia, e no alvejamento de crist\u00e3os no Sri Lanka durante o domingo de P\u00e1scoa.<\/p>\n\n\n\n<p>\u201cEsperamos que isso ajude a combater crimes de \u00f3dio e atos de viol\u00eancia relacionados \u00e0 religi\u00e3o ou cren\u00e7a, e fortalecer\u00e1 ainda mais o di\u00e1logo inter-religioso\u201d, assinalou Czaputowicz, ao apresentar a resolu\u00e7\u00e3o.<\/p>\n\n\n\n<p><strong>Conflito EUA-China<\/strong><\/p>\n\n\n\n<p>Durante a discuss\u00e3o da resolu\u00e7\u00e3o, os Estados Unidos e a&nbsp;<strong><a href=\"https:\/\/guiame.com.br\/gospel\/missoes-acao-social\/perseguicao-e-repressao-cristaos-na-china-atingem-maior-nivel-da-historia.html\">China<\/a><\/strong>&nbsp;entraram em choque sobre as cr\u00edticas de Washington ao tratamento dado por Pequim \u00e0s minorias religiosas.<\/p>\n\n\n\n<p>O Representante dos EUA no Conselho Econ\u00f4mico e Social da ONU, Austin Smith, disse que na Regi\u00e3o Aut\u00f4noma Uigur de Xinjiang \u201cmais de um milh\u00e3o de uigures, cazaques, quirguizes e outros membros de grupos minorit\u00e1rios mu\u00e7ulmanos em Xinjiang foram arbitrariamente detidos em campos desde abril de 2017.<\/p>\n\n\n\n<p>H\u00e1 relatos perturbadores de trabalho for\u00e7ado, tortura e mortes nesses campos. \u201cAs autoridades chinesas est\u00e3o restringindo a liberdade religiosa ao rotular pr\u00e1ticas religiosas pac\u00edficas como manifesta\u00e7\u00f5es de \u2018extremismo religioso e terrorismo\u2019\u201d, acrescentou.<\/p>\n\n\n\n<p>Ele pediu a membros da ONU que pedissem \u00e0 China para fechar seus campos e respeitar os direitos dos&nbsp;<strong><a href=\"https:\/\/guiame.com.br\/gospel\/missoes-acao-social\/china-intensifica-guerra-contra-os-cristaos-que-nao-param-de-crescer.html\">crist\u00e3os<\/a>&nbsp;<\/strong>e outros grupos religiosos no pa\u00eds.<\/p>\n\n\n\n<p>O delegado da China classificou as alega\u00e7\u00f5es dos EUA como infundadas e disse que o que foi descrito como campos era, de fato, \u201ccentros de treinamento vocacional e educacional para ajudar as minorias a aprender habilidades que possam ajud\u00e1-las a combater a pobreza\u201d.<\/p>\n\n\n\n<p>Ele lan\u00e7ou uma contra-acusa\u00e7\u00e3o contra os EUA, argumentando que no recente F\u00f3rum Permanente sobre Quest\u00f5es Ind\u00edgenas, muitos oradores acusaram o governo dos EUA de matar seus pr\u00f3prios povos ind\u00edgenas, extinguindo suas l\u00ednguas e oprimindo suas vozes.<\/p>\n\n\n\n<p>\n\nFONTE: GUIAME, COM INFORMA\u00c7\u00d5ES DO EVANGELICAL FOCUS\n\n<\/p>\n","protected":false},"excerpt":{"rendered":"<p>A Assembleia Geral da&nbsp;ONU&nbsp;reconheceu a viol\u00eancia e perseguil\u00e7\u00e3o religiosa que ocorrem em diversos pa\u00edses ao designar o dia 22 de agosto como a data internacional para homenagear as v\u00edtimas de atos de viol\u00eancia baseada na religi\u00e3o ou cren\u00e7a. A resolu\u00e7\u00e3o foi copatrocinada pelo&nbsp;Brasil&nbsp;junto com Canad\u00e1, Estados Unidos, Pol\u00f4nia, Egito, Iraque, Jord\u00e2nia, Nig\u00e9ria e Paquist\u00e3o, e [&hellip;]<\/p>\n","protected":false},"author":2,"featured_media":3292,"comment_status":"open","ping_status":"open","sticky":false,"template":"","format":"standard","meta":[],"categories":[10,5],"tags":[],"_links":{"self":[{"href":"https:\/\/dgospel.com.br\/portal\/index.php\/wp-json\/wp\/v2\/posts\/3291"}],"collection":[{"href":"https:\/\/dgospel.com.br\/portal\/index.php\/wp-json\/wp\/v2\/posts"}],"about":[{"href":"https:\/\/dgospel.com.br\/portal\/index.php\/wp-json\/wp\/v2\/types\/post"}],"author":[{"embeddable":true,"href":"https:\/\/dgospel.com.br\/portal\/index.php\/wp-json\/wp\/v2\/users\/2"}],"replies":[{"embeddable":true,"href":"https:\/\/dgospel.com.br\/portal\/index.php\/wp-json\/wp\/v2\/comments?post=3291"}],"version-history":[{"count":1,"href":"https:\/\/dgospel.com.br\/portal\/index.php\/wp-json\/wp\/v2\/posts\/3291\/revisions"}],"predecessor-version":[{"id":3293,"href":"https:\/\/dgospel.com.br\/portal\/index.php\/wp-json\/wp\/v2\/posts\/3291\/revisions\/3293"}],"wp:featuredmedia":[{"embeddable":true,"href":"https:\/\/dgospel.com.br\/portal\/index.php\/wp-json\/wp\/v2\/media\/3292"}],"wp:attachment":[{"href":"https:\/\/dgospel.com.br\/portal\/index.php\/wp-json\/wp\/v2\/media?parent=3291"}],"wp:term":[{"taxonomy":"category","embeddable":true,"href":"https:\/\/dgospel.com.br\/portal\/index.php\/wp-json\/wp\/v2\/categories?post=3291"},{"taxonomy":"post_tag","embeddable":true,"href":"https:\/\/dgospel.com.br\/portal\/index.php\/wp-json\/wp\/v2\/tags?post=3291"}],"curies":[{"name":"wp","href":"https:\/\/api.w.org\/{rel}","templated":true}]}}