{"id":3297,"date":"2019-06-04T09:59:17","date_gmt":"2019-06-04T12:59:17","guid":{"rendered":"http:\/\/dgospel.com.br\/portal\/?p=3297"},"modified":"2019-06-04T09:59:19","modified_gmt":"2019-06-04T12:59:19","slug":"carlesse-se-reune-com-prefeitos-tocantinenses-e-reafirma-carater-municipalista-do-governo","status":"publish","type":"post","link":"https:\/\/dgospel.com.br\/portal\/index.php\/2019\/06\/04\/carlesse-se-reune-com-prefeitos-tocantinenses-e-reafirma-carater-municipalista-do-governo\/","title":{"rendered":"Carlesse se re\u00fane com prefeitos tocantinenses e reafirma car\u00e1ter municipalista do Governo"},"content":{"rendered":"\n<p>Atendendo pedido da Associa\u00e7\u00e3o Tocantinense dos Munic\u00edpios (ATM), o governador do Tocantins, Mauro Carlesse, se reuniu na tarde desta segunda-feira, 3, no audit\u00f3rio do Pal\u00e1cio Araguaia, com 92&nbsp;prefeitos do Estado. O evento contou com a participa\u00e7\u00e3o de toda a equipe do Governo e teve como objetivo ouvir os gestores e alinhar as parcerias para melhor atender as demandas de cada localidade.<\/p>\n\n\n\n<p>As demandas tratadas durante a reuni\u00e3o foram em torno de transporte escolar, repasse do Imposto sobre Circula\u00e7\u00e3o de Mercadorias e Servi\u00e7os (ICMS), parcerias do Estado com as prefeituras, seguran\u00e7a p\u00fablica, recupera\u00e7\u00e3o de rodovias, emendas parlamentares e outras. Para o presidente da ATM e prefeito de Pedro Afonso, Jairo Mariano, essa reuni\u00e3o serviu para demonstrar para o governador Mauro Carlesse que os munic\u00edpios hoje s\u00e3o os principais parceiros do Estado.<\/p>\n\n\n\n<p>O governador Mauro Carlesse elogiou a iniciativa da ATM e disse que sempre defendeu essa proximidade com os gestores municipais como forma de ouvir melhor as demandas de cada localidade, buscar as solu\u00e7\u00f5es e, automaticamente, dar respostas \u00e0s demandas da popula\u00e7\u00e3o. \u201cEssa \u00e9 a orienta\u00e7\u00e3o para todos os nossos auxiliares. A imagem do governo \u00e9 aquilo que defendemos em campanha, portanto, sempre estamos \u00e0 disposi\u00e7\u00e3o e prontos para receber qualquer gestor. Eu quero que todos os prefeitos se sintam com liberdade para se manifestar, porque eles \u00e9 que est\u00e3o l\u00e1 na ponta, sabem o que \u00e9 prioridade para os seus munic\u00edpios\u201d, disse.<\/p>\n\n\n\n<p><strong>Exposi\u00e7\u00e3o<\/strong><\/p>\n\n\n\n<p>Na ocasi\u00e3o, o secret\u00e1rio de Estado da Administra\u00e7\u00e3o, Edson Cabral, fez uma r\u00e1pida exposi\u00e7\u00e3o das medidas administrativas adotadas pela atual gest\u00e3o para equacionar os gastos e os resultados do primeiro quadrimestre do ano. J\u00e1 a titular da pasta da Educa\u00e7\u00e3o, Juventude e Esportes (Seduc), Adriana Aguiar, informou que a pasta j\u00e1 est\u00e1 empenhada em um projeto para regulamentar o transporte escolar em todo o Estado no sentido de preservar essa importante parceria com os munic\u00edpios. Ela disse que os estudos est\u00e3o adiantados e ser\u00e3o avaliados pelos representantes de cada localidade.<\/p>\n\n\n\n<p>O secret\u00e1rio da Fazenda e Planejamento, Sandro Henrique, tamb\u00e9m falou das medidas adotadas pelo governo para cortar despesas com o quadro pessoal, com custeio e outras, no sentido de aumentar a capacidade de investimento do Estado e, consequentemente, atender melhor a popula\u00e7\u00e3o. \u201cCom as medidas adotadas, nesse primeiro quadrimestre do ano j\u00e1 conseguimos sair de uma condi\u00e7\u00e3o nula de investimentos para mais de R$ 300 milh\u00f5es e vamos dobrar isso nos pr\u00f3ximos per\u00edodos\u201d, sustentou. Na oportunidade ele sugeriu \u00e0 ATM a forma\u00e7\u00e3o de uma equipe para discutir o rateio do ICMS e do Imposto sobre a Propriedade de Ve\u00edculos Automotores (IPVA) aos munic\u00edpios. \u201cPodemos discutir a viabilidade desse rateio, para isso podemos formar uma equipe plural para tratar essa quest\u00e3o\u201d.<\/p>\n\n\n\n<p>Sandro Henrique tamb\u00e9m informou aos prefeitos que as Emendas Impositivas dos deputados ser\u00e3o cumpridas religiosamente e que isso \u00e9 uma recomenda\u00e7\u00e3o expressa do governador Mauro Carlesse. \u201cJ\u00e1 est\u00e3o tramitando, ser\u00e3o empenhadas normalmente e todas ser\u00e3o pagas, inclusive de anos anteriores, porque o Governo sabe da import\u00e2ncia que essas emendas representam para os munic\u00edpios\u201d, avaliou.<\/p>\n\n\n\n<p><strong>Rodovias<\/strong><\/p>\n\n\n\n<p>O presidente da Ag\u00eancia Tocantinense de Transportes e Obras (Ageto), Virg\u00edlio Azevedo, tamb\u00e9m fez uma exposi\u00e7\u00e3o de uma das principais demandas dos munic\u00edpios. Ele explicou que, por determina\u00e7\u00e3o do governador Mauro Carlesse, est\u00e1 em curso uma for\u00e7a tarefa para recuperar todas as rodovias do Tocantins no menor prazo poss\u00edvel, priorizando as localidades com voca\u00e7\u00e3o tur\u00edstica, tendo em vista a proximidade da temporada de praias. \u201cEstamos com mais de 20 equipes em todo o Estado realizando a opera\u00e7\u00e3o tapa buracos e restaura\u00e7\u00e3o de asfalto e os roteiros tur\u00edsticos est\u00e3o sendo priorizados para que os munic\u00edpios n\u00e3o sejam prejudicados durante a temporada de praias\u201d, sustentou, lembrando que tamb\u00e9m est\u00e1 em curso a aquisi\u00e7\u00e3o de maquin\u00e1rio&nbsp;que vai permitir maior agilidade na manuten\u00e7\u00e3o das rodovias do Estado.<\/p>\n\n\n\n<p>Quando a seguran\u00e7a, o comandante geral da Pol\u00edcia Militar, coronel Jaizon Veras Barbosa, destacou que apesar do efetivo reduzido, a corpora\u00e7\u00e3o tem conseguido manter um policiamento de qualidade em todo o Estado. \u201cTemos conseguido atender todos os pedidos dos munic\u00edpios, para eventos como temporadas de praias, exposi\u00e7\u00f5es agropecu\u00e1rias e outros, para isso enxugamos o quadro administrativo&nbsp;para refor\u00e7ar o efetivo\u201d.<\/p>\n\n\n\n<p><strong>Municipalista<\/strong><\/p>\n\n\n\n<p>\u201cSomos os parceiros do Estado e precisamos sempre tratar sobre as nossas demandas, que s\u00e3o as demandas da comunidade e de responsabilidade tanto do Governo do Estado quanto dos munic\u00edpios. S\u00e3o parcerias antigas, que precisam ser tratadas com mais crit\u00e9rios, nosso prop\u00f3sito \u00e9 esse e o governador Mauro Carlesse demostrou o car\u00e1ter municipalista da sua gest\u00e3o. Tenho certeza que a partir de hoje, com esse alinhamento com toda a equipe a rela\u00e7\u00e3o ser\u00e1 ainda melhor e, consequentemente, os resultados ser\u00e3o expressivos para todas as comunidades que representamos\u201d, elogiou o presidente da ATM, Jairo Mariano, destacando a reuni\u00e3o como muito positiva e o car\u00e1ter municipalista do Governador.<\/p>\n\n\n\n<p>O prefeito de Taguatinga, Miranda Taguatinga, lembrou que o candidato que se colocou como municipalista na campanha est\u00e1 provando isso na pr\u00e1tica. \u201cJ\u00e1 esteve no nosso munic\u00edpio com o PPA [Plano Plurianual], ouviu os prefeitos e os vereadores da regi\u00e3o, isso \u00e9 muito importante. Uma reuni\u00e3o dessa com quase 100 prefeitos falando das suas principais demandas, seus problemas e tentando fazer parcerias para que as coisas se resolvam e caminhem em harmonia \u00e9 muito importante e demonstra o car\u00e1ter municipalista da gest\u00e3o\u201d, elogiou Miranda Taguatinha defendendo o encontro. \u201cUm exemplo a ser seguido por todos os governos para ouvir quem est\u00e1 l\u00e1 na ponta. Esse encontro tem que ser seguido\u201d, defendeu.<\/p>\n\n\n\n<p><strong>Presen\u00e7as<\/strong><\/p>\n\n\n\n<p>Al\u00e9m dos prefeitos, participaram da reuni\u00e3o o presidente da Assembleia Legislativa, Ant\u00f4nio Andrade, deputados federais e estaduais e auxiliares do Governo.<\/p>\n\n\n","protected":false},"excerpt":{"rendered":"<p>Atendendo pedido da Associa\u00e7\u00e3o Tocantinense dos Munic\u00edpios (ATM), o governador do Tocantins, Mauro Carlesse, se reuniu na tarde desta segunda-feira, 3, no audit\u00f3rio do Pal\u00e1cio Araguaia, com 92&nbsp;prefeitos do Estado. O evento contou com a participa\u00e7\u00e3o de toda a equipe do Governo e teve como objetivo ouvir os gestores e alinhar as parcerias para melhor [&hellip;]<\/p>\n","protected":false},"author":2,"featured_media":3298,"comment_status":"open","ping_status":"open","sticky":false,"template":"","format":"standard","meta":[],"categories":[3],"tags":[],"_links":{"self":[{"href":"https:\/\/dgospel.com.br\/portal\/index.php\/wp-json\/wp\/v2\/posts\/3297"}],"collection":[{"href":"https:\/\/dgospel.com.br\/portal\/index.php\/wp-json\/wp\/v2\/posts"}],"about":[{"href":"https:\/\/dgospel.com.br\/portal\/index.php\/wp-json\/wp\/v2\/types\/post"}],"author":[{"embeddable":true,"href":"https:\/\/dgospel.com.br\/portal\/index.php\/wp-json\/wp\/v2\/users\/2"}],"replies":[{"embeddable":true,"href":"https:\/\/dgospel.com.br\/portal\/index.php\/wp-json\/wp\/v2\/comments?post=3297"}],"version-history":[{"count":1,"href":"https:\/\/dgospel.com.br\/portal\/index.php\/wp-json\/wp\/v2\/posts\/3297\/revisions"}],"predecessor-version":[{"id":3299,"href":"https:\/\/dgospel.com.br\/portal\/index.php\/wp-json\/wp\/v2\/posts\/3297\/revisions\/3299"}],"wp:featuredmedia":[{"embeddable":true,"href":"https:\/\/dgospel.com.br\/portal\/index.php\/wp-json\/wp\/v2\/media\/3298"}],"wp:attachment":[{"href":"https:\/\/dgospel.com.br\/portal\/index.php\/wp-json\/wp\/v2\/media?parent=3297"}],"wp:term":[{"taxonomy":"category","embeddable":true,"href":"https:\/\/dgospel.com.br\/portal\/index.php\/wp-json\/wp\/v2\/categories?post=3297"},{"taxonomy":"post_tag","embeddable":true,"href":"https:\/\/dgospel.com.br\/portal\/index.php\/wp-json\/wp\/v2\/tags?post=3297"}],"curies":[{"name":"wp","href":"https:\/\/api.w.org\/{rel}","templated":true}]}}