{"id":330,"date":"2018-05-24T10:56:01","date_gmt":"2018-05-24T13:56:01","guid":{"rendered":"http:\/\/dgospel.com.br\/portal\/?p=330"},"modified":"2018-05-24T11:03:17","modified_gmt":"2018-05-24T14:03:17","slug":"amastha-vai-procurar-donos-de-frigorifico-e-buscar-solucao-para-a-grave-crise-entre-avicultores-e-bonasa","status":"publish","type":"post","link":"https:\/\/dgospel.com.br\/portal\/index.php\/2018\/05\/24\/amastha-vai-procurar-donos-de-frigorifico-e-buscar-solucao-para-a-grave-crise-entre-avicultores-e-bonasa\/","title":{"rendered":"Amastha garante que vai procurar donos de frigor\u00edfico e buscar solu\u00e7\u00e3o para a grave crise entre avicultores e Bonasa"},"content":{"rendered":"<p class=\"yiv0326749127MsoNormal\">Problema que j\u00e1 dura mais de dois anos e se intensificou em 2018 com demiss\u00e3o em massa de trabalhadores, a crise entre produtores de frango e o frigor\u00edfico Bonasa, em Aguiarn\u00f3polis, no Bico do Papagaio, receber\u00e1 aten\u00e7\u00e3o especial de Carlos Amastha (PSB) caso ven\u00e7a a elei\u00e7\u00e3o suplementar para o governo do Estado em 3 de junho. A garantia foi dada pelo pr\u00f3prio candidato da coliga\u00e7\u00e3o &#8220;A Verdadeira Mudan\u00e7a&#8221;, que cumpriu agenda de campanha nesta quarta-feira, em Tocantin\u00f3polis, tamb\u00e9m no Bico.<\/p>\n<p class=\"yiv0326749127MsoNormal\">&#8220;O governo passado nada fez para ajudar a buscar uma solu\u00e7\u00e3o, tentar resolver o problema entre a empresa e os produtores. Literalmente, mataram as galinhas, neste\u00a0 caso frango, dos ovos de ouro. N\u00f3s, diferente disso, teremos pol\u00edticas p\u00fablicas e vamos buscar contato com os empres\u00e1rios para saber no que o Estado pode ajudar e vamos fazer de tudo para encontrar uma solu\u00e7\u00e3o satisfat\u00f3ria. Em Palmas, como prefeito, jamais deixamos de atender um empres\u00e1rio&#8221;, disse.<\/p>\n<p class=\"yiv0326749127MsoNormal\"><b>Crise na avicultura da regi\u00e3o<\/b><\/p>\n<p class=\"yiv0326749127MsoNormal\">A crise vivida pelo frigor\u00edfico Bonasa provocou quase a quebradeira do setor de\u00a0 avicultura do extremo norte do Tocantins.\u00a0 Alegando custo alto da atividade (provocada pela alta do pre\u00e7o dos gr\u00e3os, necess\u00e1rios para a ra\u00e7\u00e3o animal), a empresa pediu recupera\u00e7\u00e3o judicial e arrendou o empreendimento.<\/p>\n<p class=\"yiv0326749127MsoNormal\">Atualmente, a\u00a0 Frango Americano (de Bel\u00e9m, no Par\u00e1) arrendou a Bonasa. Desde o dia 25 do m\u00eas passado, \u00e9 a empresa que conduz as atividades na unidade, que vive transi\u00e7\u00e3o administrativa.<\/p>\n<p class=\"yiv0326749127MsoNormal\">De acordo com a Associa\u00e7\u00e3o dos Avicultores do Norte do Tocantins (Avinto), h\u00e1 tr\u00eas meses come\u00e7aram as\u00a0 demiss\u00f5es. Foram 600 pessoas demitidas desde janeiro (metade do n\u00famero de funcion\u00e1rios que existiam na empresa). &#8220;Um absurdo. No momento como esse, uma onda de demiss\u00f5es, e quem poderia ao menos tentar fazer algo ficou de bra\u00e7os cruzados, acompanhando passivamente como se n\u00e3o fosse com ele&#8221;, criticou Amastha, em refer\u00eancia ao governador cassado Marcelo Miranda.<\/p>\n<p class=\"yiv0326749127MsoNormal\"><b>D\u00edvida com produtores<\/b><\/p>\n<p class=\"yiv0326749127MsoNormal\">Ainda conforme a Avinto, a d\u00edvida da empresa com os produtores gira em torno de R$\u00a0 5 milh\u00f5es. S\u00e3o 86 produtores que atuam, basicamente, em torno de Tocantin\u00f3polis. &#8220;Vamos, ao assumir o governo gra\u00e7as \u00e0 confian\u00e7a dos tocantinenses. Vamos nos reunir com os produtores, com os mandat\u00e1rios da empresa e buscar um encaminhamento para solucionar o problema&#8221;, garantiu Amastha.<\/p>\n<p class=\"yiv0326749127MsoNormal\"><b>Expectativas frustradas<\/b><\/p>\n<p class=\"yiv0326749127MsoNormal\">A unidade foi inaugurada em 2007 pela Asa Alimentos. O empreendimento tem 11 mil metros quadrados, e a previs\u00e3o era de abater 160 mil aves por dia. Por\u00e9m, o m\u00e1ximo que conseguiu foi 60 mil animais\/dia.\u00a0 A expectativa de gera\u00e7\u00e3o de vagas de trabalho tamb\u00e9m era consider\u00e1vel:\u00a01.500 empregos diretos e outros 7.500 indiretos, agregando ainda a efetiva participa\u00e7\u00e3o no processo de 400 produtores de aves sob o sistema de integra\u00e7\u00e3o. Outra expectativa: faturar R$\u00a0 300 milh\u00f5es por ano.<\/p>\n<p class=\"yiv0326749127MsoNormal\">Pouco depois de ter iniciado\u00a0as atividades, a Bonasa chegou a gerar 15 mil empregos diretos e indiretos no Bico e ainda em cidades do Maranh\u00e3o.<\/p>\n<p class=\"yiv0326749127MsoNormal\">\u00a0O problema come\u00e7ou a afetar o setor, conforme a Avinto, com a crise financeira nacional de 2016, aliada a problema de gest\u00e3o do grupo.<\/p>\n","protected":false},"excerpt":{"rendered":"<p>Problema que j\u00e1 dura mais de dois anos e se intensificou em 2018 com demiss\u00e3o em massa de trabalhadores, a crise entre produtores de frango e o frigor\u00edfico Bonasa, em Aguiarn\u00f3polis, no Bico do Papagaio, receber\u00e1 aten\u00e7\u00e3o especial de Carlos Amastha (PSB) caso ven\u00e7a a elei\u00e7\u00e3o suplementar para o governo do Estado em 3 de [&hellip;]<\/p>\n","protected":false},"author":2,"featured_media":331,"comment_status":"open","ping_status":"open","sticky":false,"template":"","format":"standard","meta":[],"categories":[2,4],"tags":[],"_links":{"self":[{"href":"https:\/\/dgospel.com.br\/portal\/index.php\/wp-json\/wp\/v2\/posts\/330"}],"collection":[{"href":"https:\/\/dgospel.com.br\/portal\/index.php\/wp-json\/wp\/v2\/posts"}],"about":[{"href":"https:\/\/dgospel.com.br\/portal\/index.php\/wp-json\/wp\/v2\/types\/post"}],"author":[{"embeddable":true,"href":"https:\/\/dgospel.com.br\/portal\/index.php\/wp-json\/wp\/v2\/users\/2"}],"replies":[{"embeddable":true,"href":"https:\/\/dgospel.com.br\/portal\/index.php\/wp-json\/wp\/v2\/comments?post=330"}],"version-history":[{"count":2,"href":"https:\/\/dgospel.com.br\/portal\/index.php\/wp-json\/wp\/v2\/posts\/330\/revisions"}],"predecessor-version":[{"id":336,"href":"https:\/\/dgospel.com.br\/portal\/index.php\/wp-json\/wp\/v2\/posts\/330\/revisions\/336"}],"wp:featuredmedia":[{"embeddable":true,"href":"https:\/\/dgospel.com.br\/portal\/index.php\/wp-json\/wp\/v2\/media\/331"}],"wp:attachment":[{"href":"https:\/\/dgospel.com.br\/portal\/index.php\/wp-json\/wp\/v2\/media?parent=330"}],"wp:term":[{"taxonomy":"category","embeddable":true,"href":"https:\/\/dgospel.com.br\/portal\/index.php\/wp-json\/wp\/v2\/categories?post=330"},{"taxonomy":"post_tag","embeddable":true,"href":"https:\/\/dgospel.com.br\/portal\/index.php\/wp-json\/wp\/v2\/tags?post=330"}],"curies":[{"name":"wp","href":"https:\/\/api.w.org\/{rel}","templated":true}]}}