{"id":3300,"date":"2019-06-04T10:12:47","date_gmt":"2019-06-04T13:12:47","guid":{"rendered":"http:\/\/dgospel.com.br\/portal\/?p=3300"},"modified":"2019-06-04T10:12:49","modified_gmt":"2019-06-04T13:12:49","slug":"conheca-os-nomes-evangelicos-cogitados-para-serem-indicados-por-bolsonaro-ao-stf","status":"publish","type":"post","link":"https:\/\/dgospel.com.br\/portal\/index.php\/2019\/06\/04\/conheca-os-nomes-evangelicos-cogitados-para-serem-indicados-por-bolsonaro-ao-stf\/","title":{"rendered":"Conhe\u00e7a os nomes evang\u00e9licos cogitados para serem indicados por Bolsonaro ao STF"},"content":{"rendered":"\n<p>A possibilidade de um evang\u00e9lico ser indicado por\nJair Bolsonaro (PSL) para o Supremo Tribunal Federal (STF) quando as vagas\nforem abertas vem gerando uma grande especula\u00e7\u00e3o sobre quais seriam os nomes\nque o presidente cogita.<\/p>\n\n\n\n<p>Na grande m\u00eddia, o nome do juiz federal Marcelo\nBr\u00eatas, evang\u00e9lico e respons\u00e1vel pelos processos da Opera\u00e7\u00e3o Lava-Jato no Rio\nde Janeiro \u00e9 visto como um dos principais. Ele \u00e9 membro da Comunidade\nEvang\u00e9lica Internacional da Zona Sul e teria se tornado pr\u00f3ximo de Bolsonaro,\ninclusive j\u00e1 tendo sido convidado para um coquetel pelo presidente.<\/p>\n\n\n\n<p>PUBLICIDADE<\/p>\n\n\n\n<p>A possibilidade da indica\u00e7\u00e3o de Br\u00eatas, no entanto,\nn\u00e3o agradou alguns ministros do STF, de acordo com informa\u00e7\u00f5es do jornal&nbsp;<a href=\"https:\/\/painel.blogfolha.uol.com.br\/2019\/06\/02\/bolsonaro-acena-a-evangelicos-e-ministros-do-stf-rechacam-bretas-e-apontam-para-agu-e-humberto-martins\/\" target=\"_blank\" rel=\"noreferrer noopener\"><em>Folha de S. Paulo<\/em><\/a>. Os integrantes da Corte consideram que\num juiz de primeiro grau, n\u00e3o seria bem-vindo, embora o atual presidente, Dias\nToffoli, tenha sido reprovado em dois concursos para juiz antes de atuar como\nadvogado do PT e ser indicado por Lula (PT).<\/p>\n\n\n\n<p>O ministro que falou \u00e0&nbsp;<em>Folha<\/em>&nbsp;em\nanonimato afirmou que outros dois nomes evang\u00e9licos surgem como possibilidade\npara Bolsonaro: o atual advogado-geral da Uni\u00e3o, Andr\u00e9 Luiz Mendon\u00e7a, um pastor\npresbiteriano, e Humberto Martins, que j\u00e1 \u00e9 ministro no Superior Tribunal de\nJusti\u00e7a (STJ) e \u00e9 membro da Igreja Adventista.<\/p>\n\n\n\n<p>O nome de Martins, ali\u00e1s, passou a ser citado de\nmaneira mais enf\u00e1tica por conta de um encontro do ministro com o presidente na\nquinta-feira, 30 de maio, um dia antes de o presidente falar na indica\u00e7\u00e3o de um\nevang\u00e9lico ao STF. O encontro dos dois foi acompanhado pelo senador Fl\u00e1vio\nBolsonaro (PSL-RJ).<\/p>\n\n\n\n<p>Um quarto nome que vem sendo cogitado \u00e9 o do juiz\nfederal William Douglas, que deve se tornar desembargador ainda em 2019, de\nacordo com informa\u00e7\u00f5es do jornal&nbsp;<a href=\"https:\/\/blogs.oglobo.globo.com\/lauro-jardim\/post\/mais-um-candidato-evangelico-ao-stf.html\" target=\"_blank\" rel=\"noreferrer noopener\"><em>O Globo<\/em><\/a>.<\/p>\n\n\n\n<p>Douglas \u00e9 conhecido do grande p\u00fablico como autor do\nlivro&nbsp;<a href=\"https:\/\/noticias.gospelmais.com.br\/tag\/25-leis-biblicas-para-o-sucesso\"><strong><em>As 25 Leis B\u00edblicas\ndo Sucesso<\/em><\/strong><\/a>(publicado em parceria com Rubens Teixeira e\neditado pela Sextante), al\u00e9m de&nbsp;<em>O Poder dos 10 Mandamentos<\/em>&nbsp;(Editora\nMundo Crist\u00e3o),&nbsp;<em>Os 10 Mandamentos Para Uma Vida Melhor<\/em>(Thomas\nNelson Brasil) e&nbsp;<em>A Receita de Jesus Para Uma Vida Mais Feliz<\/em>&nbsp;(Thomas\nNelson Brasil).<\/p>\n\n\n\n<p>O portal&nbsp;<a href=\"https:\/\/jornalggn.com.br\/justica\/quem-sera-o-proximo-ministro-evangelico-do-stf-indicado-por-bolsonaro\/\" target=\"_blank\" rel=\"noreferrer noopener\"><em>GGN<\/em><\/a>&nbsp;tamb\u00e9m aventou o nome do desembargador Victor\nLaus, rec\u00e9m-eleito presidente do Tribunal Regional Federal da 4\u00aa Regi\u00e3o\n(TRF-4). Ele se reuniu com o presidente Bolsonaro na \u00faltima ter\u00e7a-feira, 28 de\nmaio. O magistrado, que n\u00e3o \u00e9 de expor detalhes de sua vida particular, fez uma\nrefer\u00eancia \u00e0 sua f\u00e9 no discurso de posse quando assumiu a presid\u00eancia da 8\u00aa\nTurma do TRF-4, em 2003: \u201cHumildemente, pedimos a Deus que nos ilumine nessa\nnova tarefa [\u2026], a fim de que possamos ser, apenas e acima de tudo, um\nhomem-juiz\u201d.<\/p>\n\n\n\n<p>Bolsonaro dever\u00e1 indicar dois novos membros ao STF\nat\u00e9 31 de dezembro de 2022: o primeiro, j\u00e1 em novembro de 2020, quando o\nministro Celso de Mello, o atual membro mais antigo da Corte, ser\u00e1 aposentado\ncompulsoriamente por completar 75 anos de vida. Em julho de 2021 acontecer\u00e1 o\nmesmo com Marco Aur\u00e9lio Mello.<\/p>\n\n\n\n<p>A&nbsp;Associa\u00e7\u00e3o Nacional de Juristas Evang\u00e9licos\n(Anajure), que re\u00fane advogados, procuradores e ju\u00edzes de diversas denomina\u00e7\u00f5es,\ncomentou a possibilidade manifestada pelo presidente e publicou nota declarando\nque n\u00e3o pretende \u201cnecessariamente\u201d que um evang\u00e9lico seja indicado para o\nSupremo, \u201ca fim de influenci\u00e1-lo por sua condi\u00e7\u00e3o de religioso\u201d.<\/p>\n\n\n\n<p>\u201cO que pugnamos e almejamos, no STF e demais \u00f3rg\u00e3os de c\u00fapula do Poder Judici\u00e1rio, \u00e9 que tenhamos ju\u00edzes que respeitem e se balizem pela Constitui\u00e7\u00e3o Federal do nosso pa\u00eds, professem eles uma religi\u00e3o ou n\u00e3o, eximindo-se de aderir, sem a devida reflex\u00e3o, a esta onda, pouco democr\u00e1tica, do ativismo judicial\u201d, diz nota.<\/p>\n\n\n\n<p>Fonte: gospelmais<\/p>\n","protected":false},"excerpt":{"rendered":"<p>A possibilidade de um evang\u00e9lico ser indicado por Jair Bolsonaro (PSL) para o Supremo Tribunal Federal (STF) quando as vagas forem abertas vem gerando uma grande especula\u00e7\u00e3o sobre quais seriam os nomes que o presidente cogita. Na grande m\u00eddia, o nome do juiz federal Marcelo Br\u00eatas, evang\u00e9lico e respons\u00e1vel pelos processos da Opera\u00e7\u00e3o Lava-Jato no [&hellip;]<\/p>\n","protected":false},"author":2,"featured_media":3301,"comment_status":"open","ping_status":"open","sticky":false,"template":"","format":"standard","meta":[],"categories":[6],"tags":[],"_links":{"self":[{"href":"https:\/\/dgospel.com.br\/portal\/index.php\/wp-json\/wp\/v2\/posts\/3300"}],"collection":[{"href":"https:\/\/dgospel.com.br\/portal\/index.php\/wp-json\/wp\/v2\/posts"}],"about":[{"href":"https:\/\/dgospel.com.br\/portal\/index.php\/wp-json\/wp\/v2\/types\/post"}],"author":[{"embeddable":true,"href":"https:\/\/dgospel.com.br\/portal\/index.php\/wp-json\/wp\/v2\/users\/2"}],"replies":[{"embeddable":true,"href":"https:\/\/dgospel.com.br\/portal\/index.php\/wp-json\/wp\/v2\/comments?post=3300"}],"version-history":[{"count":1,"href":"https:\/\/dgospel.com.br\/portal\/index.php\/wp-json\/wp\/v2\/posts\/3300\/revisions"}],"predecessor-version":[{"id":3302,"href":"https:\/\/dgospel.com.br\/portal\/index.php\/wp-json\/wp\/v2\/posts\/3300\/revisions\/3302"}],"wp:featuredmedia":[{"embeddable":true,"href":"https:\/\/dgospel.com.br\/portal\/index.php\/wp-json\/wp\/v2\/media\/3301"}],"wp:attachment":[{"href":"https:\/\/dgospel.com.br\/portal\/index.php\/wp-json\/wp\/v2\/media?parent=3300"}],"wp:term":[{"taxonomy":"category","embeddable":true,"href":"https:\/\/dgospel.com.br\/portal\/index.php\/wp-json\/wp\/v2\/categories?post=3300"},{"taxonomy":"post_tag","embeddable":true,"href":"https:\/\/dgospel.com.br\/portal\/index.php\/wp-json\/wp\/v2\/tags?post=3300"}],"curies":[{"name":"wp","href":"https:\/\/api.w.org\/{rel}","templated":true}]}}