{"id":3306,"date":"2019-06-05T10:20:29","date_gmt":"2019-06-05T13:20:29","guid":{"rendered":"http:\/\/dgospel.com.br\/portal\/?p=3306"},"modified":"2019-06-05T10:20:30","modified_gmt":"2019-06-05T13:20:30","slug":"vice-governador-wanderlei-barbosa-destaca-importancia-da-semana-do-meio-ambiente-no-tocantins","status":"publish","type":"post","link":"https:\/\/dgospel.com.br\/portal\/index.php\/2019\/06\/05\/vice-governador-wanderlei-barbosa-destaca-importancia-da-semana-do-meio-ambiente-no-tocantins\/","title":{"rendered":"Vice-governador Wanderlei Barbosa destaca import\u00e2ncia da Semana do Meio Ambiente no Tocantins"},"content":{"rendered":"\n<p>O vice-governador do Estado, Wanderlei Barbosa, participou da abertura oficial da 25\u00aa Semana do Meio Ambiente do Tocantins. A solenidade aconteceu na tarde desta ter\u00e7a-feira, 4, Sala de Reuni\u00f5es do Pal\u00e1cio do Araguaia.<\/p>\n\n\n\n<p>Durante o evento, o Governo do Estado lan\u00e7ou a Campanha de Preven\u00e7\u00e3o e Combate \u00e0s Queimadas no Tocantins que este ano leva o tema Queimadas \u2013 Chamas, Sofrimento e Preju\u00edzos. Tamb\u00e9m anunciou diversas a\u00e7\u00f5es voltadas \u00e0 preserva\u00e7\u00e3o ambiental que ocorrer\u00e3o no decorrer da Semana de Conscientiza\u00e7\u00e3o do Meio Ambiente.<\/p>\n\n\n\n<p>O vice-governador ressaltou que a preocupa\u00e7\u00e3o do Governo com os focos de queimadas nessa \u00e9poca do ano \u00e9 grande, pois o Estado est\u00e1 enfrentando uma seca severa, que pode se agravar ao longo dos meses. Disse ainda, que o Governo do Tocantins tem a consci\u00eancia e estar \u00e0 disposi\u00e7\u00e3o nessa luta de preserva\u00e7\u00e3o e conscientiza\u00e7\u00e3o ambiental. &#8220;Ressalto a import\u00e2ncia desta semana de discuss\u00e3o para o combate firme contra as queimadas e desmatamento e assim evitar perdas ambientais e preservar a sa\u00fade das fam\u00edlias tocantinenses, prejudicada pela fuma\u00e7a das queimadas&#8221;.<\/p>\n\n\n\n<p>Na ocasi\u00e3o, o Governo do Tocantins e a institui\u00e7\u00e3o americana 8 Billion Trees (EUA), empresa que realiza um trabalho de recupera\u00e7\u00e3o de \u00e1reas degradadas em todo o mundo, atrav\u00e9s de investimentos financeiros, assinaram um acordo de coopera\u00e7\u00e3o t\u00e9cnica.<\/p>\n\n\n\n<p>Ainda na solenidade, o Minist\u00e9rio P\u00fablico (MP), representado pelo procurador de Justi\u00e7a, Jos\u00e9 Maria da Silva J\u00fanior, fez a apresenta\u00e7\u00e3o do Programa Chega de Lix\u00e3o. J\u00e1 o comandante-geral do Corpo de Bombeiros, Reginaldo Leandro da Silva, falou sobre a polui\u00e7\u00e3o do ar que tanto afeta negativamente e \u00e9 o tema do Dia Mundial do Meio Ambiente.<\/p>\n\n\n\n<p>Participaram da solenidade, o secret\u00e1rio do Meio Ambiente, Renato Jayme, o presidente da Organiza\u00e7\u00e3o 8 Billion Trees, Jon Chambers, o comandante do Corpo de Bombeiros Reginaldo Leandro da Silva, o presidente do Naturatins Marcelo Falc\u00e3o Soares, o presidente da Associa\u00e7\u00e3o Tocantinense de Munic\u00edpios (ATM), Jairo Mariano e o presidente do Tribunal de Contas do Estado (TCE) conselheiro Severiano Costandrade entre outras autoridades.<\/p>\n","protected":false},"excerpt":{"rendered":"<p>O vice-governador do Estado, Wanderlei Barbosa, participou da abertura oficial da 25\u00aa Semana do Meio Ambiente do Tocantins. A solenidade aconteceu na tarde desta ter\u00e7a-feira, 4, Sala de Reuni\u00f5es do Pal\u00e1cio do Araguaia. Durante o evento, o Governo do Estado lan\u00e7ou a Campanha de Preven\u00e7\u00e3o e Combate \u00e0s Queimadas no Tocantins que este ano leva [&hellip;]<\/p>\n","protected":false},"author":2,"featured_media":3307,"comment_status":"open","ping_status":"open","sticky":false,"template":"","format":"standard","meta":[],"categories":[3],"tags":[],"_links":{"self":[{"href":"https:\/\/dgospel.com.br\/portal\/index.php\/wp-json\/wp\/v2\/posts\/3306"}],"collection":[{"href":"https:\/\/dgospel.com.br\/portal\/index.php\/wp-json\/wp\/v2\/posts"}],"about":[{"href":"https:\/\/dgospel.com.br\/portal\/index.php\/wp-json\/wp\/v2\/types\/post"}],"author":[{"embeddable":true,"href":"https:\/\/dgospel.com.br\/portal\/index.php\/wp-json\/wp\/v2\/users\/2"}],"replies":[{"embeddable":true,"href":"https:\/\/dgospel.com.br\/portal\/index.php\/wp-json\/wp\/v2\/comments?post=3306"}],"version-history":[{"count":1,"href":"https:\/\/dgospel.com.br\/portal\/index.php\/wp-json\/wp\/v2\/posts\/3306\/revisions"}],"predecessor-version":[{"id":3308,"href":"https:\/\/dgospel.com.br\/portal\/index.php\/wp-json\/wp\/v2\/posts\/3306\/revisions\/3308"}],"wp:featuredmedia":[{"embeddable":true,"href":"https:\/\/dgospel.com.br\/portal\/index.php\/wp-json\/wp\/v2\/media\/3307"}],"wp:attachment":[{"href":"https:\/\/dgospel.com.br\/portal\/index.php\/wp-json\/wp\/v2\/media?parent=3306"}],"wp:term":[{"taxonomy":"category","embeddable":true,"href":"https:\/\/dgospel.com.br\/portal\/index.php\/wp-json\/wp\/v2\/categories?post=3306"},{"taxonomy":"post_tag","embeddable":true,"href":"https:\/\/dgospel.com.br\/portal\/index.php\/wp-json\/wp\/v2\/tags?post=3306"}],"curies":[{"name":"wp","href":"https:\/\/api.w.org\/{rel}","templated":true}]}}