{"id":3312,"date":"2019-06-05T21:04:06","date_gmt":"2019-06-06T00:04:06","guid":{"rendered":"http:\/\/dgospel.com.br\/portal\/?p=3312"},"modified":"2019-06-05T21:04:08","modified_gmt":"2019-06-06T00:04:08","slug":"rogerio-freitas-agradece-pastores-pelo-trabalho-de-evangelizacao-e-conducao-dos-fieis","status":"publish","type":"post","link":"https:\/\/dgospel.com.br\/portal\/index.php\/2019\/06\/05\/rogerio-freitas-agradece-pastores-pelo-trabalho-de-evangelizacao-e-conducao-dos-fieis\/","title":{"rendered":"Rog\u00e9rio Freitas agradece Pastores pelo trabalho de evangeliza\u00e7\u00e3o e condu\u00e7\u00e3o dos fi\u00e9is"},"content":{"rendered":"\n<p>Durante sess\u00e3o solene em homenagem ao dia Nacional do Pastor, nesta quarta, 05, o vereador Rog\u00e9rio Freitas (MDB) parabenizou a proposi\u00e7\u00e3o e destacou a import\u00e2ncia da realiza\u00e7\u00e3o das homenagens.<br><\/p>\n\n\n\n<p>Freitas saudou os Pastores presentes e explicou que, apesar de in\u00fameras denomina\u00e7\u00f5es de Minist\u00e9rios, um \u00fanico elo liga todos e todas: Jesus Cristo Filho de Deus. \u201cVoc\u00eas n\u00e3o s\u00e3o pessoas comuns, foram levantados por Deus, homens e mulheres que aqui est\u00e3o para conduzir o povo pelo deserto.\u201d<br><\/p>\n\n\n\n<p>O parlamentar ressaltou que os Bispos e todos os homens e mulheres homenageados foram escolhidos para conduzir a grande massa e anunciar as boas novas \u201cPalmas tem sido declarada que \u00e9 do Senhor Jesus Cristo h\u00e1 anos. E n\u00f3s estamos hoje colhendo o fruto de tudo isso, dessa declara\u00e7\u00e3o de f\u00e9. Agrade\u00e7o a todos voc\u00eas por acreditarem em Palmas e conduzirem tantos fi\u00e9is\u201d finalizou.<br><\/p>\n\n\n\n<p><strong>Homenageados<\/strong><br><\/p>\n\n\n\n<p>O Vereador Rog\u00e9rio Freitas homenageou a Bispa Deborah, que \u00e9 neta de pastor, filha do fot\u00f3grafo Thenes Pinto e da Publicit\u00e1ria F\u00e1tima Meneses.<\/p>\n\n\n\n<p>A Bispa tem 2 irm\u00e3os, sendo natural do Rio de Janeiro, &nbsp;chegou em Palmas em 1992 aos 10 anos de idade.<br><\/p>\n\n\n\n<p>Formando-se em administra\u00e7\u00e3o. Fez tamb\u00e9m o Semin\u00e1rio Teol\u00f3gico Nova Terra por um per\u00edodo de 2 anos e meio. <\/p>\n\n\n\n<p>Em 2002 casou -se com Bispo Beronaldo Nascimento com o qual tiveram 2 filhas, Sarah e Hannah. <\/p>\n\n\n\n<p>Sua consagra\u00e7\u00e3o \u00e0 Bispa juntamente com seu esposo aconteceu em 2009, pela Igreja de Cristo Minist\u00e9rio Ap\u00f3stolo Nova Terra, dirigida pela Ap\u00f3stolo Ben\u00e9 Silva.<\/p>\n\n\n\n<p>Hoje, juntos, cuidam do N\u00facleo MANT Norte (Regi\u00e3o Norte de Palmas). \u00c9 apaixonada por Jesus e procura viver o evangelho puro e verdadeiro.<br><\/p>\n\n\n\n<p>Al\u00e9m disso, o Pastor Amarildo Martins tamb\u00e9m recebeu a homenagem do vereador.<\/p>\n\n\n\n<p><\/p>\n","protected":false},"excerpt":{"rendered":"<p>Durante sess\u00e3o solene em homenagem ao dia Nacional do Pastor, nesta quarta, 05, o vereador Rog\u00e9rio Freitas (MDB) parabenizou a proposi\u00e7\u00e3o e destacou a import\u00e2ncia da realiza\u00e7\u00e3o das homenagens. Freitas saudou os Pastores presentes e explicou que, apesar de in\u00fameras denomina\u00e7\u00f5es de Minist\u00e9rios, um \u00fanico elo liga todos e todas: Jesus Cristo Filho de Deus. [&hellip;]<\/p>\n","protected":false},"author":2,"featured_media":3313,"comment_status":"open","ping_status":"open","sticky":false,"template":"","format":"standard","meta":[],"categories":[8],"tags":[],"_links":{"self":[{"href":"https:\/\/dgospel.com.br\/portal\/index.php\/wp-json\/wp\/v2\/posts\/3312"}],"collection":[{"href":"https:\/\/dgospel.com.br\/portal\/index.php\/wp-json\/wp\/v2\/posts"}],"about":[{"href":"https:\/\/dgospel.com.br\/portal\/index.php\/wp-json\/wp\/v2\/types\/post"}],"author":[{"embeddable":true,"href":"https:\/\/dgospel.com.br\/portal\/index.php\/wp-json\/wp\/v2\/users\/2"}],"replies":[{"embeddable":true,"href":"https:\/\/dgospel.com.br\/portal\/index.php\/wp-json\/wp\/v2\/comments?post=3312"}],"version-history":[{"count":1,"href":"https:\/\/dgospel.com.br\/portal\/index.php\/wp-json\/wp\/v2\/posts\/3312\/revisions"}],"predecessor-version":[{"id":3314,"href":"https:\/\/dgospel.com.br\/portal\/index.php\/wp-json\/wp\/v2\/posts\/3312\/revisions\/3314"}],"wp:featuredmedia":[{"embeddable":true,"href":"https:\/\/dgospel.com.br\/portal\/index.php\/wp-json\/wp\/v2\/media\/3313"}],"wp:attachment":[{"href":"https:\/\/dgospel.com.br\/portal\/index.php\/wp-json\/wp\/v2\/media?parent=3312"}],"wp:term":[{"taxonomy":"category","embeddable":true,"href":"https:\/\/dgospel.com.br\/portal\/index.php\/wp-json\/wp\/v2\/categories?post=3312"},{"taxonomy":"post_tag","embeddable":true,"href":"https:\/\/dgospel.com.br\/portal\/index.php\/wp-json\/wp\/v2\/tags?post=3312"}],"curies":[{"name":"wp","href":"https:\/\/api.w.org\/{rel}","templated":true}]}}