{"id":3317,"date":"2019-06-05T21:55:11","date_gmt":"2019-06-06T00:55:11","guid":{"rendered":"http:\/\/dgospel.com.br\/portal\/?p=3317"},"modified":"2019-06-05T21:55:13","modified_gmt":"2019-06-06T00:55:13","slug":"milton-neris-destaca-importancia-do-papel-dos-pastores-e-defende-regularizacao-de-areas-das-igrejas","status":"publish","type":"post","link":"https:\/\/dgospel.com.br\/portal\/index.php\/2019\/06\/05\/milton-neris-destaca-importancia-do-papel-dos-pastores-e-defende-regularizacao-de-areas-das-igrejas\/","title":{"rendered":"Milton Neris destaca import\u00e2ncia do papel dos Pastores e defende regulariza\u00e7\u00e3o de \u00e1reas das Igrejas"},"content":{"rendered":"\n<p>\n\nDurante a sess\u00e3o solene em homenagem ao Dia Nacional do Pastor, realizada na manh\u00e3 de quarta-feira, 05, o vereador Milton Neris (PP) usou a tribuna para reconhecer o papel importante dos Pastores na sociedade.<\/p>\n\n\n\n<p>Neris ressaltou que a presen\u00e7a do vereador Rog\u00e9rio Santos (PRB) na Casa de Leis, foi fundamental para o bom andamento dos trabalhos \u201cA pr\u00f3pria imagem deste parlamento, a partir do momento em que homens e mulheres colocaram aqui Deus acima de tudo, tem melhorado diante a vis\u00e3o da sociedade como um todo.\u201d<\/p>\n\n\n\n<p>Al\u00e9m disso, o vereador voltou a cobrar a regulariza\u00e7\u00e3o das \u00e1reas das Igrejas \u201c Chegou a hora de enfrentar esse problema e definir as \u00e1reas de culto. Sem as Igrejas n\u00e3o existe equil\u00edbrio social\u201d finalizou.&nbsp;<\/p>\n\n\n\n<p><strong>Homenageado<\/strong><\/p>\n\n\n\n<p>Sebasti\u00e3o Tertuliano Filho nasceu em 17 de Novembro de 1971, na cidade de Pombal no Estado da Para\u00edba. Filho de Sebasti\u00e3o Tertuliano de Sousa e Isaura Trigueiro de Sousa (em mem\u00f3ria).<\/p>\n\n\n\n<p>Atualmente, o Pastor \u201cTertuliano\u201d, como gosta de ser chamado, e bi vocacional, atuando como advogado e pastor ao mesmo tempo, \u00e9 o pastor presidente da Igreja Assembleia de Deus Esperan\u00e7a no Estado do Tocantins que tem sede na cidade de Palmas-TO.<br>Casado com Joselete de C\u00e1ssia Ramalho Tertuliano em 30 de Novembro de 1991, o casal recebeu de Deus tr\u00eas filhas: Kesia Anne-lise, Kalita Saleth e Kaline Hadassa.\n\n<\/p>\n","protected":false},"excerpt":{"rendered":"<p>Durante a sess\u00e3o solene em homenagem ao Dia Nacional do Pastor, realizada na manh\u00e3 de quarta-feira, 05, o vereador Milton Neris (PP) usou a tribuna para reconhecer o papel importante dos Pastores na sociedade. Neris ressaltou que a presen\u00e7a do vereador Rog\u00e9rio Santos (PRB) na Casa de Leis, foi fundamental para o bom andamento dos [&hellip;]<\/p>\n","protected":false},"author":2,"featured_media":3318,"comment_status":"open","ping_status":"open","sticky":false,"template":"","format":"standard","meta":[],"categories":[8],"tags":[],"_links":{"self":[{"href":"https:\/\/dgospel.com.br\/portal\/index.php\/wp-json\/wp\/v2\/posts\/3317"}],"collection":[{"href":"https:\/\/dgospel.com.br\/portal\/index.php\/wp-json\/wp\/v2\/posts"}],"about":[{"href":"https:\/\/dgospel.com.br\/portal\/index.php\/wp-json\/wp\/v2\/types\/post"}],"author":[{"embeddable":true,"href":"https:\/\/dgospel.com.br\/portal\/index.php\/wp-json\/wp\/v2\/users\/2"}],"replies":[{"embeddable":true,"href":"https:\/\/dgospel.com.br\/portal\/index.php\/wp-json\/wp\/v2\/comments?post=3317"}],"version-history":[{"count":1,"href":"https:\/\/dgospel.com.br\/portal\/index.php\/wp-json\/wp\/v2\/posts\/3317\/revisions"}],"predecessor-version":[{"id":3319,"href":"https:\/\/dgospel.com.br\/portal\/index.php\/wp-json\/wp\/v2\/posts\/3317\/revisions\/3319"}],"wp:featuredmedia":[{"embeddable":true,"href":"https:\/\/dgospel.com.br\/portal\/index.php\/wp-json\/wp\/v2\/media\/3318"}],"wp:attachment":[{"href":"https:\/\/dgospel.com.br\/portal\/index.php\/wp-json\/wp\/v2\/media?parent=3317"}],"wp:term":[{"taxonomy":"category","embeddable":true,"href":"https:\/\/dgospel.com.br\/portal\/index.php\/wp-json\/wp\/v2\/categories?post=3317"},{"taxonomy":"post_tag","embeddable":true,"href":"https:\/\/dgospel.com.br\/portal\/index.php\/wp-json\/wp\/v2\/tags?post=3317"}],"curies":[{"name":"wp","href":"https:\/\/api.w.org\/{rel}","templated":true}]}}