{"id":3320,"date":"2019-06-05T21:57:07","date_gmt":"2019-06-06T00:57:07","guid":{"rendered":"http:\/\/dgospel.com.br\/portal\/?p=3320"},"modified":"2019-06-05T21:57:09","modified_gmt":"2019-06-06T00:57:09","slug":"pr-raul-cavalcante-ministra-em-escola-para-lideres-em-aparecida-do-rio-negro","status":"publish","type":"post","link":"https:\/\/dgospel.com.br\/portal\/index.php\/2019\/06\/05\/pr-raul-cavalcante-ministra-em-escola-para-lideres-em-aparecida-do-rio-negro\/","title":{"rendered":"Pr. Raul Cavalcante ministra em \u2018Escola para l\u00edderes\u2019 em Aparecida do Rio Negro"},"content":{"rendered":"\n<p>A Igreja Assembleia de Deus CIADSETA em Aparecida do Rio\nNegro, liderada pelo pastor Marcos Bogeia realizar\u00e1 a 1\u00aa Escola para l\u00edderes. Com\no tema \u2018Gerado para Multiplicar\u2019, o evento acontecer\u00e1 no dia 8 de junho \u00e0s 15\nhoras no templo sede da Igreja local. O evento ser\u00e1 aberto ao p\u00fablico e de\nacordo com a organiza\u00e7\u00e3o o objetivo \u00e9 aperfei\u00e7oar os l\u00edderes e gerar novas\nlideran\u00e7as.<\/p>\n\n\n\n<p>\u2018Estamos com uma grande expectativa e,\nesperamos muitos participantes de Aparecido do Rio Negro e outras cidades\nvizinhas\u201d, disse o organizador pastor Marcos Bogeia<\/p>\n\n\n\n<p>O ministrante ser\u00e1 o pastor Raul\nCavalcante Batista. O l\u00edder \u00e9 doutor em divindade, presidente da Igreja\nEvang\u00e9lica Assembleia de Deus em Imperatriz \u2013 MA, 1\u00ba vice presidente da\nCOMADESMA \u2013 Conven\u00e7\u00e3o dos Ministros das Igrejas\nEvang\u00e9licas Assembleias de Deus do SETA (Servi\u00e7o de Evangeliza\u00e7\u00e3o Trabalho e\nA\u00e7\u00e3o) no Maranh\u00e3o e em outros Estados da Federa\u00e7\u00e3o, presidente da\ncomiss\u00e3o de evangelismo da CGADB, Capit\u00e3o Capel\u00e3o da Pol\u00edcia Militar do\nMaranh\u00e3o e uma autoridade respeitada no Maranh\u00e3o, no Brasil e na Am\u00e9rica\nLatina.<\/p>\n\n\n\n<p>O\nPr. Raul Cavalcante Batista, \u00e9 exemplo de uma combina\u00e7\u00e3o de Integridade e\ncompromisso com o Reino de Deus. Pastor de uma das grandes Igrejas do Brasil, o\nl\u00edder tem sido um referencial para muitos obreiros e pastores em nosso pa\u00eds,\nprincipalmente pelo seu grande investimento em miss\u00f5es e na obra de\nevangeliza\u00e7\u00e3o.<\/p>\n","protected":false},"excerpt":{"rendered":"<p>A Igreja Assembleia de Deus CIADSETA em Aparecida do Rio Negro, liderada pelo pastor Marcos Bogeia realizar\u00e1 a 1\u00aa Escola para l\u00edderes. Com o tema \u2018Gerado para Multiplicar\u2019, o evento acontecer\u00e1 no dia 8 de junho \u00e0s 15 horas no templo sede da Igreja local. O evento ser\u00e1 aberto ao p\u00fablico e de acordo com [&hellip;]<\/p>\n","protected":false},"author":2,"featured_media":3321,"comment_status":"open","ping_status":"open","sticky":false,"template":"","format":"standard","meta":[],"categories":[5],"tags":[],"_links":{"self":[{"href":"https:\/\/dgospel.com.br\/portal\/index.php\/wp-json\/wp\/v2\/posts\/3320"}],"collection":[{"href":"https:\/\/dgospel.com.br\/portal\/index.php\/wp-json\/wp\/v2\/posts"}],"about":[{"href":"https:\/\/dgospel.com.br\/portal\/index.php\/wp-json\/wp\/v2\/types\/post"}],"author":[{"embeddable":true,"href":"https:\/\/dgospel.com.br\/portal\/index.php\/wp-json\/wp\/v2\/users\/2"}],"replies":[{"embeddable":true,"href":"https:\/\/dgospel.com.br\/portal\/index.php\/wp-json\/wp\/v2\/comments?post=3320"}],"version-history":[{"count":1,"href":"https:\/\/dgospel.com.br\/portal\/index.php\/wp-json\/wp\/v2\/posts\/3320\/revisions"}],"predecessor-version":[{"id":3322,"href":"https:\/\/dgospel.com.br\/portal\/index.php\/wp-json\/wp\/v2\/posts\/3320\/revisions\/3322"}],"wp:featuredmedia":[{"embeddable":true,"href":"https:\/\/dgospel.com.br\/portal\/index.php\/wp-json\/wp\/v2\/media\/3321"}],"wp:attachment":[{"href":"https:\/\/dgospel.com.br\/portal\/index.php\/wp-json\/wp\/v2\/media?parent=3320"}],"wp:term":[{"taxonomy":"category","embeddable":true,"href":"https:\/\/dgospel.com.br\/portal\/index.php\/wp-json\/wp\/v2\/categories?post=3320"},{"taxonomy":"post_tag","embeddable":true,"href":"https:\/\/dgospel.com.br\/portal\/index.php\/wp-json\/wp\/v2\/tags?post=3320"}],"curies":[{"name":"wp","href":"https:\/\/api.w.org\/{rel}","templated":true}]}}