{"id":3324,"date":"2019-06-08T09:17:35","date_gmt":"2019-06-08T12:17:35","guid":{"rendered":"http:\/\/dgospel.com.br\/portal\/?p=3324"},"modified":"2019-06-08T09:17:39","modified_gmt":"2019-06-08T12:17:39","slug":"governador-carlesse-vistoria-obras-de-melhorias-da-ponte-de-porto-nacional","status":"publish","type":"post","link":"https:\/\/dgospel.com.br\/portal\/index.php\/2019\/06\/08\/governador-carlesse-vistoria-obras-de-melhorias-da-ponte-de-porto-nacional\/","title":{"rendered":"Governador Carlesse vistoria obras de melhorias da ponte de Porto Nacional"},"content":{"rendered":"\n<p>O governador do Estado do Tocantins, Mauro Carlesse, vistoriou na tarde desta sexta-feira, 7, o andamento das obras de melhorias na ponte da TO-255 em Porto Nacional. A ponte est\u00e1 interditada pelo Governo do Estado desde o in\u00edcio de fevereiro e h\u00e1 cerca de 30 dias passa por uma recupera\u00e7\u00e3o visando possibilitar a libera\u00e7\u00e3o de tr\u00e1fego de ve\u00edculos leves.<\/p>\n\n\n\n<p>\u201cVim ver de perto como est\u00e3o os trabalhos, pois sabemos que essa ponte est\u00e1 condenada para a passagem de caminh\u00f5es e essas melhorias que estamos fazendo \u00e9 para possibilitar o tr\u00e1fego de ve\u00edculos leves at\u00e9 que possamos construir a nova ponte\u201d, disse o Governador.<\/p>\n\n\n\n<p>O Governador verificou que as lajes das passarelas j\u00e1 foram trocadas e tamb\u00e9m a impermeabiliza\u00e7\u00e3o da estrutura assim como o asfalto da ponte foram refeitos. Os trabalhadores prosseguem na pintura da estrutura met\u00e1lica de prote\u00e7\u00e3o aos pedestres e na instala\u00e7\u00e3o dos p\u00f3rticos limitadores de altura, que impedir\u00e3o o acesso de caminh\u00f5es, \u00f4nibus e outros ve\u00edculos pesados sobre a ponte. Nos pr\u00f3ximos dias ser\u00e1 instalada a sinaliza\u00e7\u00e3o na via e tamb\u00e9m dois radares para o controle de velocidade.<\/p>\n\n\n\n<p>A previs\u00e3o da Secretaria da Infraestrutura, Cidades e Habita\u00e7\u00e3o, \u00e9 que os trabalhos sejam encerrados no at\u00e9 o dia 14, com a libera\u00e7\u00e3o do tr\u00e1fego de ve\u00edculos leves prevista para o pr\u00f3ximo dia 17 de junho. O Governador afirmou tamb\u00e9m que est\u00e3o sendo adquiridos os materiais para instala\u00e7\u00e3o do sistema de ilumina\u00e7\u00e3o na ponte e, que em 30 dias, os servi\u00e7os estar\u00e3o conclu\u00eddos.<\/p>\n\n\n\n<p>\u201cEssa \u00e9 uma medida emergencial que visa dar seguran\u00e7a \u00e0s pessoas que utilizam a ponte. Estamos trabalhando na libera\u00e7\u00e3o dos recursos para a constru\u00e7\u00e3o da nova ponte. Nossa previs\u00e3o \u00e9 que em breve come\u00e7aremos a instalar o canteiro de obras para come\u00e7ar a constru\u00e7\u00e3o. E em at\u00e9 dois anos e meio esta nova ponte esteja pronta para ajudar no desenvolvimento dessa regi\u00e3o\u201d, frisou.<\/p>\n\n\n\n<p>O secret\u00e1rio de infraestrutura, cidades e habita\u00e7\u00e3o, Renato Assun\u00e7\u00e3o, e o presidente da Ageto (Ag\u00eancia Tocantinense de Transportes e Obras), Virg\u00edlio Azevedo, acompanharam o governador Mauro Carlesse na vistoria \u00e0s obras.<\/p>\n","protected":false},"excerpt":{"rendered":"<p>O governador do Estado do Tocantins, Mauro Carlesse, vistoriou na tarde desta sexta-feira, 7, o andamento das obras de melhorias na ponte da TO-255 em Porto Nacional. A ponte est\u00e1 interditada pelo Governo do Estado desde o in\u00edcio de fevereiro e h\u00e1 cerca de 30 dias passa por uma recupera\u00e7\u00e3o visando possibilitar a libera\u00e7\u00e3o de [&hellip;]<\/p>\n","protected":false},"author":2,"featured_media":3325,"comment_status":"open","ping_status":"open","sticky":false,"template":"","format":"standard","meta":[],"categories":[4],"tags":[],"_links":{"self":[{"href":"https:\/\/dgospel.com.br\/portal\/index.php\/wp-json\/wp\/v2\/posts\/3324"}],"collection":[{"href":"https:\/\/dgospel.com.br\/portal\/index.php\/wp-json\/wp\/v2\/posts"}],"about":[{"href":"https:\/\/dgospel.com.br\/portal\/index.php\/wp-json\/wp\/v2\/types\/post"}],"author":[{"embeddable":true,"href":"https:\/\/dgospel.com.br\/portal\/index.php\/wp-json\/wp\/v2\/users\/2"}],"replies":[{"embeddable":true,"href":"https:\/\/dgospel.com.br\/portal\/index.php\/wp-json\/wp\/v2\/comments?post=3324"}],"version-history":[{"count":1,"href":"https:\/\/dgospel.com.br\/portal\/index.php\/wp-json\/wp\/v2\/posts\/3324\/revisions"}],"predecessor-version":[{"id":3326,"href":"https:\/\/dgospel.com.br\/portal\/index.php\/wp-json\/wp\/v2\/posts\/3324\/revisions\/3326"}],"wp:featuredmedia":[{"embeddable":true,"href":"https:\/\/dgospel.com.br\/portal\/index.php\/wp-json\/wp\/v2\/media\/3325"}],"wp:attachment":[{"href":"https:\/\/dgospel.com.br\/portal\/index.php\/wp-json\/wp\/v2\/media?parent=3324"}],"wp:term":[{"taxonomy":"category","embeddable":true,"href":"https:\/\/dgospel.com.br\/portal\/index.php\/wp-json\/wp\/v2\/categories?post=3324"},{"taxonomy":"post_tag","embeddable":true,"href":"https:\/\/dgospel.com.br\/portal\/index.php\/wp-json\/wp\/v2\/tags?post=3324"}],"curies":[{"name":"wp","href":"https:\/\/api.w.org\/{rel}","templated":true}]}}