{"id":333,"date":"2018-05-24T11:00:11","date_gmt":"2018-05-24T14:00:11","guid":{"rendered":"http:\/\/dgospel.com.br\/portal\/?p=333"},"modified":"2018-05-24T11:00:11","modified_gmt":"2018-05-24T14:00:11","slug":"fabrica-de-paes-da-cpp-de-palmas-sera-inaugurada-nesta-sexta","status":"publish","type":"post","link":"https:\/\/dgospel.com.br\/portal\/index.php\/2018\/05\/24\/fabrica-de-paes-da-cpp-de-palmas-sera-inaugurada-nesta-sexta\/","title":{"rendered":"F\u00e1brica de p\u00e3es da CPP de Palmas ser\u00e1 inaugurada nesta sexta"},"content":{"rendered":"<p class=\"yiv0645386379MsoNormal\">Ser\u00e1 inaugurada nesta sexta-feira, 25, \u00e0s 9 horas, a f\u00e1brica de p\u00e3es do Projeto PanificA\u00e7\u00e3o, que contempla panificadora e confeitaria, da Casa de Pris\u00e3o Provis\u00f3ria de Palmas (CPPP). A iniciativa resulta de um conv\u00eanio da Secretaria de Estado da Cidadania e Justi\u00e7a (Seciju) com o Departamento Penitenci\u00e1rio Nacional (Depen), \u00f3rg\u00e3o vinculado ao Minist\u00e9rio Extraordin\u00e1rio da Seguran\u00e7a P\u00fablica, e o apoio da Embrasil Servi\u00e7os, empresa respons\u00e1vel pela cogest\u00e3o da unidade prisional.<\/p>\n<p class=\"yiv0645386379MsoNormal\">Desde o \u00faltimo dia 7 deste m\u00eas, 60 reeducandos participaram do curso, sendo que destes, inicialmente, 20 reeducandos ser\u00e3o selecionados para trabalhar diariamente na unidade prisional na produ\u00e7\u00e3o de uma m\u00e9dia mensal de 2 mil p\u00e3es. A produ\u00e7\u00e3o ser\u00e1 destinada ao consumo interno, \u00e0 venda e doa\u00e7\u00f5es para institui\u00e7\u00f5es comprovadamente carentes.<\/p>\n<p class=\"yiv0645386379MsoNormal\">Pelo trabalho, os reeducandos ser\u00e3o beneficiados com a remi\u00e7\u00e3o de pena. A remi\u00e7\u00e3o \u00e9 o direito que um detento do regime fechado ou semiaberto tem de abreviar o tempo imposto em senten\u00e7a penal, que pode ocorrer mediante trabalho, estudo e de forma mais recente, pela leitura, conforme disciplinado pela Recomenda\u00e7\u00e3o n\u00ba 44\/2013 do Conselho Nacional de Justi\u00e7a (CNJ). A Lei de Execu\u00e7\u00e3o Penal (LEP) garante um dia de pena a menos a cada tr\u00eas dias de trabalho.<\/p>\n<p class=\"yiv0645386379MsoNormal\"><b>PanificA\u00e7\u00e3o<\/b><\/p>\n<p class=\"yiv0645386379MsoNormal\">A f\u00e1brica de p\u00e3es e confeitaria em Palmas \u00e9 a primeira do Estado,\u00a0\u00a0o conv\u00eanio com o Depen prev\u00ea tamb\u00e9m a instala\u00e7\u00e3o na Unidade de Tratamento Penal Barra da Grota (UTPBG), em Aragua\u00edna; e no Centro de Reeduca\u00e7\u00e3o Social Luz do Amanh\u00e3 (CRSLA), em Cariri do Tocantins.<\/p>\n","protected":false},"excerpt":{"rendered":"<p>Ser\u00e1 inaugurada nesta sexta-feira, 25, \u00e0s 9 horas, a f\u00e1brica de p\u00e3es do Projeto PanificA\u00e7\u00e3o, que contempla panificadora e confeitaria, da Casa de Pris\u00e3o Provis\u00f3ria de Palmas (CPPP). A iniciativa resulta de um conv\u00eanio da Secretaria de Estado da Cidadania e Justi\u00e7a (Seciju) com o Departamento Penitenci\u00e1rio Nacional (Depen), \u00f3rg\u00e3o vinculado ao Minist\u00e9rio Extraordin\u00e1rio da [&hellip;]<\/p>\n","protected":false},"author":2,"featured_media":334,"comment_status":"open","ping_status":"open","sticky":false,"template":"","format":"standard","meta":[],"categories":[2,3,10],"tags":[],"_links":{"self":[{"href":"https:\/\/dgospel.com.br\/portal\/index.php\/wp-json\/wp\/v2\/posts\/333"}],"collection":[{"href":"https:\/\/dgospel.com.br\/portal\/index.php\/wp-json\/wp\/v2\/posts"}],"about":[{"href":"https:\/\/dgospel.com.br\/portal\/index.php\/wp-json\/wp\/v2\/types\/post"}],"author":[{"embeddable":true,"href":"https:\/\/dgospel.com.br\/portal\/index.php\/wp-json\/wp\/v2\/users\/2"}],"replies":[{"embeddable":true,"href":"https:\/\/dgospel.com.br\/portal\/index.php\/wp-json\/wp\/v2\/comments?post=333"}],"version-history":[{"count":1,"href":"https:\/\/dgospel.com.br\/portal\/index.php\/wp-json\/wp\/v2\/posts\/333\/revisions"}],"predecessor-version":[{"id":335,"href":"https:\/\/dgospel.com.br\/portal\/index.php\/wp-json\/wp\/v2\/posts\/333\/revisions\/335"}],"wp:featuredmedia":[{"embeddable":true,"href":"https:\/\/dgospel.com.br\/portal\/index.php\/wp-json\/wp\/v2\/media\/334"}],"wp:attachment":[{"href":"https:\/\/dgospel.com.br\/portal\/index.php\/wp-json\/wp\/v2\/media?parent=333"}],"wp:term":[{"taxonomy":"category","embeddable":true,"href":"https:\/\/dgospel.com.br\/portal\/index.php\/wp-json\/wp\/v2\/categories?post=333"},{"taxonomy":"post_tag","embeddable":true,"href":"https:\/\/dgospel.com.br\/portal\/index.php\/wp-json\/wp\/v2\/tags?post=333"}],"curies":[{"name":"wp","href":"https:\/\/api.w.org\/{rel}","templated":true}]}}