{"id":3334,"date":"2019-06-11T17:52:54","date_gmt":"2019-06-11T20:52:54","guid":{"rendered":"http:\/\/dgospel.com.br\/portal\/?p=3334"},"modified":"2019-06-11T17:52:56","modified_gmt":"2019-06-11T20:52:56","slug":"governador-carlesse-participa-de-encontro-que-debate-reforma-da-previdencia","status":"publish","type":"post","link":"https:\/\/dgospel.com.br\/portal\/index.php\/2019\/06\/11\/governador-carlesse-participa-de-encontro-que-debate-reforma-da-previdencia\/","title":{"rendered":"Governador Carlesse participa de encontro que debate Reforma da Previd\u00eancia"},"content":{"rendered":"\n<h1><\/h1>\n\n\n\n<p>O governador do Estado do Tocantins, Mauro Carlesse, cumpre agenda em Bras\u00edlia nesta ter\u00e7a-feira, 11, onde participa do V F\u00f3rum de Governadores. Desta vez, as discuss\u00f5es giraram em torno da Reforma da Previd\u00eancia, cujo relat\u00f3rio deve ser apresentado na pr\u00f3xima quinta-feira, 13, na C\u00e2mara dos Deputados.<\/p>\n\n\n\n<p>O governador Mauro Carlesse considerou produtivo o encontro realizado na manh\u00e3 desta ter\u00e7a-feira. \u201c\u00c9 importante esse debate, pois \u00e9 preciso a consci\u00eancia de que se a Reforma da Previd\u00eancia n\u00e3o for aprovada a situa\u00e7\u00e3o do Pa\u00eds vai piorar. Agora cada um dos governadores vai conversar com as bancadas de seus estados em busca de votos, pois \u00e9 preciso que os estados e munic\u00edpios tamb\u00e9m estejam inclu\u00eddos na Reforma\u201d, declarou.<\/p>\n\n\n\n<p>Al\u00e9m dos governadores, o&nbsp;presidente da Confedera\u00e7\u00e3o Nacional dos Munic\u00edpios (CNM), Glademir Aroldi,&nbsp;tamb\u00e9m participou da reuni\u00e3o, assim como o presidente da C\u00e2mara dos Deputados, Rodrigo Maia, o presidente da Comiss\u00e3o Especial da Reforma da Previd\u00eancia, Marcelo Ramos, e o relator do projeto, Samuel Moreira.<\/p>\n\n\n\n<p>O governador Mauro Carlesse prossegue em Bras\u00edlia, onde ainda nesta ter\u00e7a-feira, cumpre agenda no Minist\u00e9rio da Sa\u00fade e na Ag\u00eancia Nacional de Minera\u00e7\u00e3o.&nbsp;<\/p>\n\n\n\n<p><\/p>\n","protected":false},"excerpt":{"rendered":"<p>O governador do Estado do Tocantins, Mauro Carlesse, cumpre agenda em Bras\u00edlia nesta ter\u00e7a-feira, 11, onde participa do V F\u00f3rum de Governadores. Desta vez, as discuss\u00f5es giraram em torno da Reforma da Previd\u00eancia, cujo relat\u00f3rio deve ser apresentado na pr\u00f3xima quinta-feira, 13, na C\u00e2mara dos Deputados. O governador Mauro Carlesse considerou produtivo o encontro realizado [&hellip;]<\/p>\n","protected":false},"author":2,"featured_media":3335,"comment_status":"open","ping_status":"open","sticky":false,"template":"","format":"standard","meta":[],"categories":[3],"tags":[],"_links":{"self":[{"href":"https:\/\/dgospel.com.br\/portal\/index.php\/wp-json\/wp\/v2\/posts\/3334"}],"collection":[{"href":"https:\/\/dgospel.com.br\/portal\/index.php\/wp-json\/wp\/v2\/posts"}],"about":[{"href":"https:\/\/dgospel.com.br\/portal\/index.php\/wp-json\/wp\/v2\/types\/post"}],"author":[{"embeddable":true,"href":"https:\/\/dgospel.com.br\/portal\/index.php\/wp-json\/wp\/v2\/users\/2"}],"replies":[{"embeddable":true,"href":"https:\/\/dgospel.com.br\/portal\/index.php\/wp-json\/wp\/v2\/comments?post=3334"}],"version-history":[{"count":1,"href":"https:\/\/dgospel.com.br\/portal\/index.php\/wp-json\/wp\/v2\/posts\/3334\/revisions"}],"predecessor-version":[{"id":3336,"href":"https:\/\/dgospel.com.br\/portal\/index.php\/wp-json\/wp\/v2\/posts\/3334\/revisions\/3336"}],"wp:featuredmedia":[{"embeddable":true,"href":"https:\/\/dgospel.com.br\/portal\/index.php\/wp-json\/wp\/v2\/media\/3335"}],"wp:attachment":[{"href":"https:\/\/dgospel.com.br\/portal\/index.php\/wp-json\/wp\/v2\/media?parent=3334"}],"wp:term":[{"taxonomy":"category","embeddable":true,"href":"https:\/\/dgospel.com.br\/portal\/index.php\/wp-json\/wp\/v2\/categories?post=3334"},{"taxonomy":"post_tag","embeddable":true,"href":"https:\/\/dgospel.com.br\/portal\/index.php\/wp-json\/wp\/v2\/tags?post=3334"}],"curies":[{"name":"wp","href":"https:\/\/api.w.org\/{rel}","templated":true}]}}