{"id":3349,"date":"2019-06-12T09:24:51","date_gmt":"2019-06-12T12:24:51","guid":{"rendered":"http:\/\/dgospel.com.br\/portal\/?p=3349"},"modified":"2019-06-12T09:24:54","modified_gmt":"2019-06-12T12:24:54","slug":"nao-temos-outra-saida-afirma-relator-da-previdencia-na-camara-em-encontro-com-governadores","status":"publish","type":"post","link":"https:\/\/dgospel.com.br\/portal\/index.php\/2019\/06\/12\/nao-temos-outra-saida-afirma-relator-da-previdencia-na-camara-em-encontro-com-governadores\/","title":{"rendered":"N\u00e3o temos outra sa\u00edda, afirma relator da Previd\u00eancia na C\u00e2mara em encontro com governadores"},"content":{"rendered":"\n<p>Governadores de 24 estados e do Distrito Federal se reuniram nesta ter\u00e7a-feira (11), em Bras\u00edlia, para debater a reforma da Previd\u00eancia. Tamb\u00e9m participaram do encontro o presidente da C\u00e2mara dos Deputados, Rodrigo Maia, do presidente da comiss\u00e3o especial da Reforma da Previd\u00eancia, deputado Marcelo Ramos, e do relator do projeto, deputado Samuel Moreira.<\/p>\n\n\n\n<p>Uma das principais discuss\u00f5es \u00e9 a inclus\u00e3o ou n\u00e3o de servidores estaduais na reforma e se as novas regras devem passar por discuss\u00e3o nas assembleias legislativas dos estados.<\/p>\n\n\n\n<p>Durante o encontro, o relator da reforma da Previd\u00eancia na comiss\u00e3o especial que discute o assunto, deputado Samuel Moreira (PSDB-MG), defendeu a necessidade de uni\u00e3o entre o governo federal, estados e munic\u00edpios em torno da proposta.<\/p>\n\n\n\n<p>\u201cN\u00f3s temos um problema real fiscal de uma curva que s\u00f3 cresce no ponto de vista do d\u00e9ficit da Previd\u00eancia. Agora o Brasil, o governo federal, todos os estados e os munic\u00edpios tamb\u00e9m precisamos agir. N\u00f3s n\u00e3o temos outra sa\u00edda\u201d, disse.<\/p>\n\n\n\n<p>Em carta divulgada na \u00faltima semana passada, a maioria dos governadores manifestou apoio \u00e0 manuten\u00e7\u00e3o de servidores de estados, Distrito Federal e munic\u00edpios na proposta de reforma da Previd\u00eancia Social. No mesmo dia, os governadores dos nove estados da regi\u00e3o Nordeste divulgaram uma carta conjunta em que discordavam de alguns pontos.<\/p>\n\n\n\n<p>Al\u00e9m da Previd\u00eancia, a 5\u00aa Reuni\u00e3o do F\u00f3rum de Governadores tamb\u00e9m abordou a amplia\u00e7\u00e3o do Fundo de Participa\u00e7\u00e3o dos Estados no Or\u00e7amento da Uni\u00e3o e do Novo Marco Legal do Saneamento B\u00e1sico.<\/p>\n\n\n\n<p>Fonte: agenciadoradio.<\/p>\n","protected":false},"excerpt":{"rendered":"<p>Governadores de 24 estados e do Distrito Federal se reuniram nesta ter\u00e7a-feira (11), em Bras\u00edlia, para debater a reforma da Previd\u00eancia. Tamb\u00e9m participaram do encontro o presidente da C\u00e2mara dos Deputados, Rodrigo Maia, do presidente da comiss\u00e3o especial da Reforma da Previd\u00eancia, deputado Marcelo Ramos, e do relator do projeto, deputado Samuel Moreira. Uma das [&hellip;]<\/p>\n","protected":false},"author":2,"featured_media":3350,"comment_status":"open","ping_status":"open","sticky":false,"template":"","format":"standard","meta":[],"categories":[6,4],"tags":[],"_links":{"self":[{"href":"https:\/\/dgospel.com.br\/portal\/index.php\/wp-json\/wp\/v2\/posts\/3349"}],"collection":[{"href":"https:\/\/dgospel.com.br\/portal\/index.php\/wp-json\/wp\/v2\/posts"}],"about":[{"href":"https:\/\/dgospel.com.br\/portal\/index.php\/wp-json\/wp\/v2\/types\/post"}],"author":[{"embeddable":true,"href":"https:\/\/dgospel.com.br\/portal\/index.php\/wp-json\/wp\/v2\/users\/2"}],"replies":[{"embeddable":true,"href":"https:\/\/dgospel.com.br\/portal\/index.php\/wp-json\/wp\/v2\/comments?post=3349"}],"version-history":[{"count":1,"href":"https:\/\/dgospel.com.br\/portal\/index.php\/wp-json\/wp\/v2\/posts\/3349\/revisions"}],"predecessor-version":[{"id":3351,"href":"https:\/\/dgospel.com.br\/portal\/index.php\/wp-json\/wp\/v2\/posts\/3349\/revisions\/3351"}],"wp:featuredmedia":[{"embeddable":true,"href":"https:\/\/dgospel.com.br\/portal\/index.php\/wp-json\/wp\/v2\/media\/3350"}],"wp:attachment":[{"href":"https:\/\/dgospel.com.br\/portal\/index.php\/wp-json\/wp\/v2\/media?parent=3349"}],"wp:term":[{"taxonomy":"category","embeddable":true,"href":"https:\/\/dgospel.com.br\/portal\/index.php\/wp-json\/wp\/v2\/categories?post=3349"},{"taxonomy":"post_tag","embeddable":true,"href":"https:\/\/dgospel.com.br\/portal\/index.php\/wp-json\/wp\/v2\/tags?post=3349"}],"curies":[{"name":"wp","href":"https:\/\/api.w.org\/{rel}","templated":true}]}}