{"id":3352,"date":"2019-06-12T09:38:43","date_gmt":"2019-06-12T12:38:43","guid":{"rendered":"http:\/\/dgospel.com.br\/portal\/?p=3352"},"modified":"2019-06-12T09:38:46","modified_gmt":"2019-06-12T12:38:46","slug":"confira-5-dicas-de-seguranca-para-criancas-no-transito","status":"publish","type":"post","link":"https:\/\/dgospel.com.br\/portal\/index.php\/2019\/06\/12\/confira-5-dicas-de-seguranca-para-criancas-no-transito\/","title":{"rendered":"Confira 5 dicas de seguran\u00e7a para crian\u00e7as no tr\u00e2nsito"},"content":{"rendered":"\n<p>Neste final de semana, uma Escolinha de Tr\u00e2nsito montada no Capim Dourado Shopping, em Palmas, pela Ag\u00eancia Tocantinense de Transportes e Obras (Ageto) e Pol\u00edcia Militar, por meio do Batalh\u00e3o de Pol\u00edcia Militar Rodovi\u00e1rio e de Divisas (BPMRED), despertou a curiosidade dos pais e das crian\u00e7as que passaram pelo local.<\/p>\n\n\n\n<p>Diante do sucesso feito pela a\u00e7\u00e3o, listamos abaixo 5 dicas que s\u00e3o necess\u00e1rias para manter a seguran\u00e7a das crian\u00e7as no tr\u00e2nsito.<\/p>\n\n\n\n<p><strong>1 \u2013 Uso da Cadeirinha<\/strong><\/p>\n\n\n\n<p>Desde 2008, a Resolu\u00e7\u00e3o 277 do Conselho Nacional de Tr\u00e2nsito (Contran) est\u00e1 em vigor e obriga o uso da cadeirinha para crian\u00e7as menores de dez anos de idade em ve\u00edculos. De acordo com a resolu\u00e7\u00e3o, at\u00e9 um ano de idade, a crian\u00e7a dever\u00e1 ser transportada no beb\u00ea conforto; de um a quatro anos, na cadeirinha; de quatro a sete anos e meio, no assento de eleva\u00e7\u00e3o; e a partir dos sete anos e meio at\u00e9 os dez anos (com altura a partir de 1,45 metros) com cinto de seguran\u00e7a no banco de tr\u00e1s do ve\u00edculo.<\/p>\n\n\n\n<p>Somente a partir dos dez anos \u00e9 permitido que a crian\u00e7a possa ser transportada no banco dianteiro, sempre com cinto de seguran\u00e7a. Segundo a Organiza\u00e7\u00e3o Mundial da Sa\u00fade (OMS), o uso correto da cadeirinha levou a uma redu\u00e7\u00e3o de pelo menos 60% nas mortes de crian\u00e7as no tr\u00e2nsito no Brasil.<\/p>\n\n\n\n<p>Conforme o gerente de Educa\u00e7\u00e3o para o Tr\u00e2nsito do Departamento Estadual de Tr\u00e2nsito do Tocantins (Detran\/TO), Alex Machado, a orienta\u00e7\u00e3o \u00e9 que os respons\u00e1veis pelas crian\u00e7as sempre comprem produtos certificados pelo do Instituto Nacional de Metrologia, Qualidade e Tecnologia (Inmetro).<\/p>\n\n\n\n<p><strong>2 \u2013 Faixa de Pedestre<\/strong><\/p>\n\n\n\n<p>Tanto condutores de ve\u00edculos quanto pedestres devem ficar atentos aos cuidados b\u00e1sicos ao atravessar uma faixa de tr\u00e2nsito. Segundo o C\u00f3digo de Tr\u00e2nsito Brasileiro (CTB), para cruzar uma via, o pedestre dever\u00e1 tomar cuidados de seguran\u00e7a, levando em considera\u00e7\u00e3o a visibilidade, dist\u00e2ncia e a velocidade dos ve\u00edculos.<\/p>\n\n\n\n<p>A prefer\u00eancia do pedestre n\u00e3o \u00e9 absoluta. \u00c9 necess\u00e1rio ficar atento que quando houver sem\u00e1foro \u00e9 ele quem determina quem dever\u00e1 passar. Quando n\u00e3o houver sinaliza\u00e7\u00e3o (como sem\u00e1foros ou faixas), o pedestre dever\u00e1 esperar que os ve\u00edculos parem para efetuar a travessia com seguran\u00e7a. Quando n\u00e3o houver faixa, \u00e9 necess\u00e1rio aguardar pelo momento oportuno.<\/p>\n\n\n\n<p>Conforme o gerente de Educa\u00e7\u00e3o para o Tr\u00e2nsito do Departamento de Tr\u00e2nsito do Tocantins (Detran\/TO),&nbsp;as crian\u00e7as aprendem a partir dos exemplos, por isso, \u00e9 muito importante que quando os pais estiverem com os filhos na rua sempre aproveitar para alertar sobre olhar para os dois lados e respeitar a faixa de pedestre para atravessar a rua.<\/p>\n\n\n\n<p>De acordo com o CTB, ao conduzir em velocidade inadequada nas proximidades de locais como hospitais e escolas ou onde ocorre uma grande movimenta\u00e7\u00e3o de pessoas com risco de dano, o condutor tamb\u00e9m dever\u00e1 sofrer san\u00e7\u00f5es.<\/p>\n\n\n\n<p><strong>3 \u2013 Uso da Bicicleta<\/strong><\/p>\n\n\n\n<p>Pedalar faz bem tanto para o corpo, quanto para a natureza, j\u00e1 que quem anda de bicicleta n\u00e3o est\u00e1 poluindo o meio ambiente. Para manter a seguran\u00e7a das crian\u00e7as no tr\u00e2nsito, \u00e9 necess\u00e1rio que os condutores mantenham dist\u00e2ncia de pelo menos 1,5 m ao ultrapassar bicicletas.<\/p>\n\n\n\n<p>Tamb\u00e9m \u00e9 muito importante que as crian\u00e7as utilizem equipamentos de seguran\u00e7a como capacete, joelheiras e cotoveleiras, ficando assim mais seguras em caso de quedas. Outros itens que s\u00e3o obrigat\u00f3rios por lei s\u00e3o a buzina, espelho retrovisor e refletores frontais e traseiros. Lembre-se que ao atravessar na faixa de pedestre \u00e9 obrigat\u00f3rio que o condutor des\u00e7a da bicicleta.<\/p>\n\n\n\n<p><strong>&nbsp;4 \u2013 Comportamento dentro do carro<\/strong><\/p>\n\n\n\n<p>\u00c9 necess\u00e1rio que os pais fiquem atentos quanto ao comportamento do seu filho dentro do carro. Assim, poder\u00e3o evitar que a crian\u00e7a coloque m\u00e3os e bra\u00e7os para fora da janela do ve\u00edculo, por exemplo.<\/p>\n\n\n\n<p>Outro item que vale a pena ser destacado \u00e9 a import\u00e2ncia do descarte do lixo. Os pais podem ensinar para os seus filhos que \u00e9 proibido descartar lixo nas vias p\u00fablicas. Al\u00e9m de evitar poss\u00edveis problemas no tr\u00e2nsito, a atitude tamb\u00e9m colabora para a amplia\u00e7\u00e3o da consci\u00eancia ambiental.<\/p>\n\n\n\n<p><strong>5 \u2013 Aten\u00e7\u00e3o quando for sair da garagem<\/strong><\/p>\n\n\n\n<p>Apesar de ser um dica fora do tr\u00e2nsito, ela envolve ve\u00edculo e, por isso, foi destacada pelo gerente de Educa\u00e7\u00e3o para o Tr\u00e2nsito do Detran\/TO, Alex Machado. \u201cAs garagens merecem aten\u00e7\u00e3o redobrada, pois muitas vezes as crian\u00e7as brincam sem se preocupar. Por\u00e9m, caso um carro esteja saindo pode atingir a crian\u00e7a e machuc\u00e1-la gravemente\u201d.<\/p>\n\n\n\n<p>\u201cAssim como em estacionamentos e ruas n\u00e3o movimentadas, podem surgir carros e pelo tamanho das crian\u00e7as nem sempre os motoristas conseguem perceber em seu campo de vis\u00e3o. Por isso, fique atento\u201d, complementou Alex Machado.<\/p>\n","protected":false},"excerpt":{"rendered":"<p>Neste final de semana, uma Escolinha de Tr\u00e2nsito montada no Capim Dourado Shopping, em Palmas, pela Ag\u00eancia Tocantinense de Transportes e Obras (Ageto) e Pol\u00edcia Militar, por meio do Batalh\u00e3o de Pol\u00edcia Militar Rodovi\u00e1rio e de Divisas (BPMRED), despertou a curiosidade dos pais e das crian\u00e7as que passaram pelo local. Diante do sucesso feito pela [&hellip;]<\/p>\n","protected":false},"author":2,"featured_media":3353,"comment_status":"open","ping_status":"open","sticky":false,"template":"","format":"standard","meta":[],"categories":[4],"tags":[],"_links":{"self":[{"href":"https:\/\/dgospel.com.br\/portal\/index.php\/wp-json\/wp\/v2\/posts\/3352"}],"collection":[{"href":"https:\/\/dgospel.com.br\/portal\/index.php\/wp-json\/wp\/v2\/posts"}],"about":[{"href":"https:\/\/dgospel.com.br\/portal\/index.php\/wp-json\/wp\/v2\/types\/post"}],"author":[{"embeddable":true,"href":"https:\/\/dgospel.com.br\/portal\/index.php\/wp-json\/wp\/v2\/users\/2"}],"replies":[{"embeddable":true,"href":"https:\/\/dgospel.com.br\/portal\/index.php\/wp-json\/wp\/v2\/comments?post=3352"}],"version-history":[{"count":1,"href":"https:\/\/dgospel.com.br\/portal\/index.php\/wp-json\/wp\/v2\/posts\/3352\/revisions"}],"predecessor-version":[{"id":3354,"href":"https:\/\/dgospel.com.br\/portal\/index.php\/wp-json\/wp\/v2\/posts\/3352\/revisions\/3354"}],"wp:featuredmedia":[{"embeddable":true,"href":"https:\/\/dgospel.com.br\/portal\/index.php\/wp-json\/wp\/v2\/media\/3353"}],"wp:attachment":[{"href":"https:\/\/dgospel.com.br\/portal\/index.php\/wp-json\/wp\/v2\/media?parent=3352"}],"wp:term":[{"taxonomy":"category","embeddable":true,"href":"https:\/\/dgospel.com.br\/portal\/index.php\/wp-json\/wp\/v2\/categories?post=3352"},{"taxonomy":"post_tag","embeddable":true,"href":"https:\/\/dgospel.com.br\/portal\/index.php\/wp-json\/wp\/v2\/tags?post=3352"}],"curies":[{"name":"wp","href":"https:\/\/api.w.org\/{rel}","templated":true}]}}