{"id":3355,"date":"2019-06-12T09:47:29","date_gmt":"2019-06-12T12:47:29","guid":{"rendered":"http:\/\/dgospel.com.br\/portal\/?p=3355"},"modified":"2019-06-12T09:47:34","modified_gmt":"2019-06-12T12:47:34","slug":"reeducandos-do-barra-da-grota-finalizam-curso-de-panificacao-e-conquistam-a-oportunidade-de-trabalho","status":"publish","type":"post","link":"https:\/\/dgospel.com.br\/portal\/index.php\/2019\/06\/12\/reeducandos-do-barra-da-grota-finalizam-curso-de-panificacao-e-conquistam-a-oportunidade-de-trabalho\/","title":{"rendered":"Reeducandos do Barra da Grota finalizam curso de panifica\u00e7\u00e3o e conquistam a oportunidade de trabalho"},"content":{"rendered":"\n<p>Com objetivo de fomentar a ressocializa\u00e7\u00e3o por meio da qualifica\u00e7\u00e3o profissional, a Secretaria de Estado da Cidadania e Justi\u00e7a (Seciju) oferta cursos de panifica\u00e7\u00e3o na Unidade de Tratamento Penal Barra da Grota (UTPBG), em Aragua\u00edna, e nessa segunda-feira, 10, mais uma turma se formou. Foram oito reeducandos que receberam certifica\u00e7\u00e3o de conclus\u00e3o do curso durante uma confraterniza\u00e7\u00e3o pela finaliza\u00e7\u00e3o da capacita\u00e7\u00e3o.<\/p>\n\n\n\n<p>O curso foi ofertado em parceria com a Embrasil, empresa cogestora da unidade penitenci\u00e1ria, e teve carga hor\u00e1ria de 180 horas, dividas entre aulas pr\u00e1ticas e te\u00f3ricas. Durante os dias de capacita\u00e7\u00e3o, os reeducandos receberam orienta\u00e7\u00f5es sobre a prepara\u00e7\u00e3o de p\u00e3es, bolos, tortas e salgados.<\/p>\n\n\n\n<p>Para o diretor da unidade, Guilherme Martins, a qualifica\u00e7\u00e3o oferece um novo caminho para os reeducandos. \u201cO curso proporciona ao reeducando uma nova oportunidade no campo profissional, pois, ao finaliz\u00e1-lo, ele est\u00e1 apto ao mercado de trabalho e possui certificado, por empresa competente, que atesta sua capacidade t\u00e9cnica para o desempenho das fun\u00e7\u00f5es\u201d, ressaltou.<\/p>\n\n\n\n<p>O reeducando, D.A.P, de 23 anos, relata que com a qualifica\u00e7\u00e3o ter\u00e1 um nova oportunidade de ingressar no mercado de trabalho. \u201cFoi gratificante participar do curso, aprendemos v\u00e1rias coisas. Muitas vezes as portas do mercado de trabalho est\u00e3o fechadas para n\u00f3s, mas com essa oportunidade temos uma nova chance\u201d, vislumbrou.<\/p>\n\n\n\n<p><strong>Trabalho na unidade<\/strong><\/p>\n\n\n\n<p>Ap\u00f3s a finaliza\u00e7\u00e3o do curso, cinco reeducandos certificados foram selecionados para atuarem na panifica\u00e7\u00e3o dentro da pr\u00f3pria unidade, ingressando no projeto Amarelinhos. A sele\u00e7\u00e3o foi realizada por meio do setor de Intelig\u00eancia e Administra\u00e7\u00e3o da unidade.<\/p>\n\n\n\n<p>Na fase inicial de trabalho, os reeducandos n\u00e3o ser\u00e3o remunerados, sendo beneficiados com remi\u00e7\u00e3o de um dia de pena, por tr\u00eas dias trabalhados. Posteriormente, quando j\u00e1 estiverem com mais experi\u00eancia, os reeducandos poder\u00e3o alcan\u00e7ar remunera\u00e7\u00e3o, assumindo a produ\u00e7\u00e3o dos lanches fornecidos dentro da unidade.&nbsp; &nbsp;<\/p>\n\n\n\n<p><strong>Outras turmas<\/strong><\/p>\n\n\n\n<p>O curso de panifica\u00e7\u00e3o conta com outras quatro turmas em andamento, com pretens\u00e3o de qualificar 60 reeducandos. A forma\u00e7\u00e3o dessas turmas est\u00e1 sendo ofertada por meio do Programa de Capacita\u00e7\u00e3o Profissional e Implanta\u00e7\u00e3o de Oficinas (Procap).<\/p>\n\n\n\n<p>Apesar de estar na mesma \u00e1rea, o curso tem uma carga hor\u00e1ria menor, sendo 160 horas divididas pelas quatro turmas, 40 horas para cada. Durante as aulas, os reeducando s\u00e3o qualificados de forma te\u00f3rica e pr\u00e1tica.<\/p>\n","protected":false},"excerpt":{"rendered":"<p>Com objetivo de fomentar a ressocializa\u00e7\u00e3o por meio da qualifica\u00e7\u00e3o profissional, a Secretaria de Estado da Cidadania e Justi\u00e7a (Seciju) oferta cursos de panifica\u00e7\u00e3o na Unidade de Tratamento Penal Barra da Grota (UTPBG), em Aragua\u00edna, e nessa segunda-feira, 10, mais uma turma se formou. Foram oito reeducandos que receberam certifica\u00e7\u00e3o de conclus\u00e3o do curso durante [&hellip;]<\/p>\n","protected":false},"author":2,"featured_media":3356,"comment_status":"open","ping_status":"open","sticky":false,"template":"","format":"standard","meta":[],"categories":[3],"tags":[],"_links":{"self":[{"href":"https:\/\/dgospel.com.br\/portal\/index.php\/wp-json\/wp\/v2\/posts\/3355"}],"collection":[{"href":"https:\/\/dgospel.com.br\/portal\/index.php\/wp-json\/wp\/v2\/posts"}],"about":[{"href":"https:\/\/dgospel.com.br\/portal\/index.php\/wp-json\/wp\/v2\/types\/post"}],"author":[{"embeddable":true,"href":"https:\/\/dgospel.com.br\/portal\/index.php\/wp-json\/wp\/v2\/users\/2"}],"replies":[{"embeddable":true,"href":"https:\/\/dgospel.com.br\/portal\/index.php\/wp-json\/wp\/v2\/comments?post=3355"}],"version-history":[{"count":1,"href":"https:\/\/dgospel.com.br\/portal\/index.php\/wp-json\/wp\/v2\/posts\/3355\/revisions"}],"predecessor-version":[{"id":3357,"href":"https:\/\/dgospel.com.br\/portal\/index.php\/wp-json\/wp\/v2\/posts\/3355\/revisions\/3357"}],"wp:featuredmedia":[{"embeddable":true,"href":"https:\/\/dgospel.com.br\/portal\/index.php\/wp-json\/wp\/v2\/media\/3356"}],"wp:attachment":[{"href":"https:\/\/dgospel.com.br\/portal\/index.php\/wp-json\/wp\/v2\/media?parent=3355"}],"wp:term":[{"taxonomy":"category","embeddable":true,"href":"https:\/\/dgospel.com.br\/portal\/index.php\/wp-json\/wp\/v2\/categories?post=3355"},{"taxonomy":"post_tag","embeddable":true,"href":"https:\/\/dgospel.com.br\/portal\/index.php\/wp-json\/wp\/v2\/tags?post=3355"}],"curies":[{"name":"wp","href":"https:\/\/api.w.org\/{rel}","templated":true}]}}