{"id":3358,"date":"2019-06-12T09:55:33","date_gmt":"2019-06-12T12:55:33","guid":{"rendered":"http:\/\/dgospel.com.br\/portal\/?p=3358"},"modified":"2019-06-12T09:55:35","modified_gmt":"2019-06-12T12:55:35","slug":"tocantins-realiza-encontro-estadual-para-o-fortalecimento-da-atencao-primaria-a-saude","status":"publish","type":"post","link":"https:\/\/dgospel.com.br\/portal\/index.php\/2019\/06\/12\/tocantins-realiza-encontro-estadual-para-o-fortalecimento-da-atencao-primaria-a-saude\/","title":{"rendered":"Tocantins realiza encontro Estadual para o fortalecimento da Aten\u00e7\u00e3o Prim\u00e1ria \u00e0 Sa\u00fade"},"content":{"rendered":"\n<p>O Minist\u00e9rio da Sa\u00fade em parceria com a Secretaria Estadual de Sa\u00fade do Tocantins (SES-TO), por meio da Diretora de Aten\u00e7\u00e3o Prim\u00e1ria, est\u00e1 realizando nesta ter\u00e7a e quarta-feira, 11 e 12, o Encontro Estadual para o fortalecimento da Aten\u00e7\u00e3o Prim\u00e1ria \u00e0 Sa\u00fade do Tocantins. A a\u00e7\u00e3o acontece no audit\u00f3rio da C\u00e2mara de Dirigentes Lojistas (CDL), em Palmas e tem o objetivo de construir coletivamente uma agenda de fortalecimento da Aten\u00e7\u00e3o Prim\u00e1ria nos territ\u00f3rios. Gestores e t\u00e9cnicos de todas as regi\u00f5es de sa\u00fade do Estado do Tocantins est\u00e3o participando da a\u00e7\u00e3o.<\/p>\n\n\n\n<p>A diretora de Aten\u00e7\u00e3o Prim\u00e1ria da Secretaria de Estado da Sa\u00fade, Laudecy Alves do Carmo, explicou que esta \u00e9 uma a\u00e7\u00e3o nacional realizada pelo Minist\u00e9rio da Sa\u00fade em parceria com as secretarias estaduais. \u201c\u00c9 uma a\u00e7\u00e3o que est\u00e1 sendo realizada com encontros em todo Brasil. No ano passado foram realizados 17 encontros e nesse ano a previs\u00e3o \u00e9 da realiza\u00e7\u00e3o de mais dez\u201d, disse.<\/p>\n\n\n\n<p>A diretora ressaltou tamb\u00e9m a import\u00e2ncia do encontro para os gestores estaduais e municipais. \u201cEssa a\u00e7\u00e3o responde a um anseio do Estado, reunindo os gestores e coordenadores de aten\u00e7\u00e3o b\u00e1sica para estarmos discutindo a aten\u00e7\u00e3o prim\u00e1ria. Temos a necessidade deste fortalecimento que melhora a resolubilidade da \u00e1rea. Isso \u00e9 o deseja os tr\u00eas entes: Munic\u00edpio, Estado e Uni\u00e3o, a melhoria do cuidado para os usu\u00e1rios do SUS [Sistema \u00danico de Sa\u00fade]\u201d, concluiu.<\/p>\n\n\n\n<p>A representante do secret\u00e1rio de Aten\u00e7\u00e3o Primaria do Minist\u00e9rio da Sa\u00fade, Caroline Martins Jos\u00e9 dos Santos, afirmou que tornar a Aten\u00e7\u00e3o Prim\u00e1ria mais resolutiva \u00e9 uma das prioridades do Ministro Luiz Henrique Mandetta. A gestora participou da primeira exposi\u00e7\u00e3o dialogada, abordando o tema A Pol\u00edtica Nacional de Aten\u00e7\u00e3o B\u00e1sica e a Estrat\u00e9gia de Sa\u00fade da Fam\u00edlia para o Fortalecimento da Aten\u00e7\u00e3o Prim\u00e1ria no Tocantins.<\/p>\n\n\n\n<p>Tamb\u00e9m compuseram a mesa de abertura o secret\u00e1rio Municipal de Sa\u00fade, Daniel Borini, a secret\u00e1ria Municipal de Sa\u00fade de S\u00edtio Novo, representando o Conselho Municipal de Secretarias, Maria das Dores Abreu Farias, o coordenador Geral do N\u00facleo Estadual do Minist\u00e9rio da Sa\u00fade do Tocantins, Relmivan Rodrigues Millhomem e o presidente do Conselho Estadual de Sa\u00fade, M\u00e1rio Ben\u00edcio.<\/p>\n","protected":false},"excerpt":{"rendered":"<p>O Minist\u00e9rio da Sa\u00fade em parceria com a Secretaria Estadual de Sa\u00fade do Tocantins (SES-TO), por meio da Diretora de Aten\u00e7\u00e3o Prim\u00e1ria, est\u00e1 realizando nesta ter\u00e7a e quarta-feira, 11 e 12, o Encontro Estadual para o fortalecimento da Aten\u00e7\u00e3o Prim\u00e1ria \u00e0 Sa\u00fade do Tocantins. A a\u00e7\u00e3o acontece no audit\u00f3rio da C\u00e2mara de Dirigentes Lojistas (CDL), [&hellip;]<\/p>\n","protected":false},"author":2,"featured_media":3359,"comment_status":"open","ping_status":"open","sticky":false,"template":"","format":"standard","meta":[],"categories":[3],"tags":[],"_links":{"self":[{"href":"https:\/\/dgospel.com.br\/portal\/index.php\/wp-json\/wp\/v2\/posts\/3358"}],"collection":[{"href":"https:\/\/dgospel.com.br\/portal\/index.php\/wp-json\/wp\/v2\/posts"}],"about":[{"href":"https:\/\/dgospel.com.br\/portal\/index.php\/wp-json\/wp\/v2\/types\/post"}],"author":[{"embeddable":true,"href":"https:\/\/dgospel.com.br\/portal\/index.php\/wp-json\/wp\/v2\/users\/2"}],"replies":[{"embeddable":true,"href":"https:\/\/dgospel.com.br\/portal\/index.php\/wp-json\/wp\/v2\/comments?post=3358"}],"version-history":[{"count":1,"href":"https:\/\/dgospel.com.br\/portal\/index.php\/wp-json\/wp\/v2\/posts\/3358\/revisions"}],"predecessor-version":[{"id":3360,"href":"https:\/\/dgospel.com.br\/portal\/index.php\/wp-json\/wp\/v2\/posts\/3358\/revisions\/3360"}],"wp:featuredmedia":[{"embeddable":true,"href":"https:\/\/dgospel.com.br\/portal\/index.php\/wp-json\/wp\/v2\/media\/3359"}],"wp:attachment":[{"href":"https:\/\/dgospel.com.br\/portal\/index.php\/wp-json\/wp\/v2\/media?parent=3358"}],"wp:term":[{"taxonomy":"category","embeddable":true,"href":"https:\/\/dgospel.com.br\/portal\/index.php\/wp-json\/wp\/v2\/categories?post=3358"},{"taxonomy":"post_tag","embeddable":true,"href":"https:\/\/dgospel.com.br\/portal\/index.php\/wp-json\/wp\/v2\/tags?post=3358"}],"curies":[{"name":"wp","href":"https:\/\/api.w.org\/{rel}","templated":true}]}}