{"id":337,"date":"2018-05-24T17:05:27","date_gmt":"2018-05-24T20:05:27","guid":{"rendered":"http:\/\/dgospel.com.br\/portal\/?p=337"},"modified":"2018-05-24T17:05:27","modified_gmt":"2018-05-24T20:05:27","slug":"em-apoio-a-caminhoneiros-e-em-respeito-a-populacao-carlesse-suspende-carreatas","status":"publish","type":"post","link":"https:\/\/dgospel.com.br\/portal\/index.php\/2018\/05\/24\/em-apoio-a-caminhoneiros-e-em-respeito-a-populacao-carlesse-suspende-carreatas\/","title":{"rendered":"Em apoio a caminhoneiros e em respeito \u00e0 popula\u00e7\u00e3o, Carlesse suspende carreatas"},"content":{"rendered":"<p>O candidato a governador Mauro Carlesse, da coliga\u00e7\u00e3o Governo de Atitude, determinou a suspens\u00e3o de todas as carreatas previstas em sua campanha, come\u00e7ando pelas que estavam agendadas para esta quinta-feira, 24, em Miranorte e Miracema. Nestas cidades acontecer\u00e3o caminhadas e reuni\u00f5es.<\/p>\n<p>\u201cOs caminhoneiros tem meu total apoio em suas reinvindica\u00e7\u00f5es. E por respeitar a nossa popula\u00e7\u00e3o, que j\u00e1 come\u00e7a a sofrer com o desabastecimento de combust\u00edvel n\u00e3o s\u00f3 no Tocantins mas todo o Brasil, estou suspendendo todas as carreatas da campanha at\u00e9 que o fornecimento de combust\u00edvel seja normalizado, ou seja, que o Governo Federal d\u00ea a solu\u00e7\u00e3o para este problema\u201d, disse Carlesse.<\/p>\n<p>Mauro Carlesse disse ainda que, na medida do poss\u00edvel, manter\u00e1 sua agenda de campanha e que as movimenta\u00e7\u00f5es que estavam previstas para acontecer atrav\u00e9s de carreatas ser\u00e3o substitu\u00eddas por caminhadas.<\/p>\n<p>&nbsp;<\/p>\n","protected":false},"excerpt":{"rendered":"<p>O candidato a governador Mauro Carlesse, da coliga\u00e7\u00e3o Governo de Atitude, determinou a suspens\u00e3o de todas as carreatas previstas em sua campanha, come\u00e7ando pelas que estavam agendadas para esta quinta-feira, 24, em Miranorte e Miracema. Nestas cidades acontecer\u00e3o caminhadas e reuni\u00f5es. \u201cOs caminhoneiros tem meu total apoio em suas reinvindica\u00e7\u00f5es. E por respeitar a nossa [&hellip;]<\/p>\n","protected":false},"author":2,"featured_media":338,"comment_status":"open","ping_status":"open","sticky":false,"template":"","format":"standard","meta":[],"categories":[2,4],"tags":[],"_links":{"self":[{"href":"https:\/\/dgospel.com.br\/portal\/index.php\/wp-json\/wp\/v2\/posts\/337"}],"collection":[{"href":"https:\/\/dgospel.com.br\/portal\/index.php\/wp-json\/wp\/v2\/posts"}],"about":[{"href":"https:\/\/dgospel.com.br\/portal\/index.php\/wp-json\/wp\/v2\/types\/post"}],"author":[{"embeddable":true,"href":"https:\/\/dgospel.com.br\/portal\/index.php\/wp-json\/wp\/v2\/users\/2"}],"replies":[{"embeddable":true,"href":"https:\/\/dgospel.com.br\/portal\/index.php\/wp-json\/wp\/v2\/comments?post=337"}],"version-history":[{"count":1,"href":"https:\/\/dgospel.com.br\/portal\/index.php\/wp-json\/wp\/v2\/posts\/337\/revisions"}],"predecessor-version":[{"id":339,"href":"https:\/\/dgospel.com.br\/portal\/index.php\/wp-json\/wp\/v2\/posts\/337\/revisions\/339"}],"wp:featuredmedia":[{"embeddable":true,"href":"https:\/\/dgospel.com.br\/portal\/index.php\/wp-json\/wp\/v2\/media\/338"}],"wp:attachment":[{"href":"https:\/\/dgospel.com.br\/portal\/index.php\/wp-json\/wp\/v2\/media?parent=337"}],"wp:term":[{"taxonomy":"category","embeddable":true,"href":"https:\/\/dgospel.com.br\/portal\/index.php\/wp-json\/wp\/v2\/categories?post=337"},{"taxonomy":"post_tag","embeddable":true,"href":"https:\/\/dgospel.com.br\/portal\/index.php\/wp-json\/wp\/v2\/tags?post=337"}],"curies":[{"name":"wp","href":"https:\/\/api.w.org\/{rel}","templated":true}]}}