{"id":3370,"date":"2019-06-12T10:35:07","date_gmt":"2019-06-12T13:35:07","guid":{"rendered":"http:\/\/dgospel.com.br\/portal\/?p=3370"},"modified":"2019-06-12T10:35:12","modified_gmt":"2019-06-12T13:35:12","slug":"prefeita-cinthia-ribeiro-reune-secretariado-para-balanco-de-gestao","status":"publish","type":"post","link":"https:\/\/dgospel.com.br\/portal\/index.php\/2019\/06\/12\/prefeita-cinthia-ribeiro-reune-secretariado-para-balanco-de-gestao\/","title":{"rendered":"Prefeita Cinthia Ribeiro re\u00fane secretariado para balan\u00e7o de gest\u00e3o"},"content":{"rendered":"\n<p>A prefeita de Palmas, Cinthia Ribeiro, reuniu seu secretariado no final do dia desta ter\u00e7a-feira, 11, para um balan\u00e7o de gest\u00e3o do primeiro quadrimestre do ano, bem como para discutir a\u00e7\u00f5es e projetos em andamento, que ganharam maior ritmo com o fim do per\u00edodo chuvoso. Na ocasi\u00e3o tamb\u00e9m foram pontuadas quest\u00f5es pol\u00edticas que permeiam as rela\u00e7\u00f5es interinstitucionais.<\/p>\n\n\n\n<p>Ap\u00f3s a explana\u00e7\u00e3o da gestora, que durou cerca de uma hora, o decano da casa, Carlos Braga, secret\u00e1rio de Governo e Rela\u00e7\u00f5es Institucionais, colocou seu cargo \u00e0 disposi\u00e7\u00e3o, segundo justificou, para deixar Cinthia Ribeiro \u00e0 vontade para fazer a composi\u00e7\u00e3o que melhor se ajuste ao contexto pol\u00edtico-administrativo do mandato.<\/p>\n\n\n\n<p>Braga reiterou \u00e0 prefeita que ficar\u00e1 \u00e0 disposi\u00e7\u00e3o para ocupar qualquer fun\u00e7\u00e3o que porventura ela entenda que ele possa contribuir com a administra\u00e7\u00e3o e mesmo seu projeto pol\u00edtico.<\/p>\n\n\n\n<p>Os demais secret\u00e1rios, presidentes de funda\u00e7\u00f5es, de autarquias e secret\u00e1rios-executivos seguiram o gesto de Braga, colocando seus respectivos cargos \u00e0 disposi\u00e7\u00e3o, dando \u00e0 Prefeita a liberdade para recompor sua estrutura administrativa.<\/p>\n\n\n\n<p>A prefeita elogiou a atitude de Braga, segundo ela um ato de nobreza de algu\u00e9m de grande envergadura pol\u00edtica, e anunciou que far\u00e1 uma an\u00e1lise detalhada sobre a decis\u00e3o coletiva. Ela adiantou que muitos poder\u00e3o ser remanejados para outros cargos, ou mesmo ocupar fun\u00e7\u00f5es em pontos estrat\u00e9gicas da gest\u00e3o.<\/p>\n\n\n\n<p>A reuni\u00e3o d\u00e1 in\u00edcio \u00e0 reforma administrativa e pol\u00edtica que Cinthia Ribeiro j\u00e1 havia anunciado anteriormente.<\/p>\n","protected":false},"excerpt":{"rendered":"<p>A prefeita de Palmas, Cinthia Ribeiro, reuniu seu secretariado no final do dia desta ter\u00e7a-feira, 11, para um balan\u00e7o de gest\u00e3o do primeiro quadrimestre do ano, bem como para discutir a\u00e7\u00f5es e projetos em andamento, que ganharam maior ritmo com o fim do per\u00edodo chuvoso. Na ocasi\u00e3o tamb\u00e9m foram pontuadas quest\u00f5es pol\u00edticas que permeiam as [&hellip;]<\/p>\n","protected":false},"author":2,"featured_media":3371,"comment_status":"open","ping_status":"open","sticky":false,"template":"","format":"standard","meta":[],"categories":[4],"tags":[],"_links":{"self":[{"href":"https:\/\/dgospel.com.br\/portal\/index.php\/wp-json\/wp\/v2\/posts\/3370"}],"collection":[{"href":"https:\/\/dgospel.com.br\/portal\/index.php\/wp-json\/wp\/v2\/posts"}],"about":[{"href":"https:\/\/dgospel.com.br\/portal\/index.php\/wp-json\/wp\/v2\/types\/post"}],"author":[{"embeddable":true,"href":"https:\/\/dgospel.com.br\/portal\/index.php\/wp-json\/wp\/v2\/users\/2"}],"replies":[{"embeddable":true,"href":"https:\/\/dgospel.com.br\/portal\/index.php\/wp-json\/wp\/v2\/comments?post=3370"}],"version-history":[{"count":1,"href":"https:\/\/dgospel.com.br\/portal\/index.php\/wp-json\/wp\/v2\/posts\/3370\/revisions"}],"predecessor-version":[{"id":3372,"href":"https:\/\/dgospel.com.br\/portal\/index.php\/wp-json\/wp\/v2\/posts\/3370\/revisions\/3372"}],"wp:featuredmedia":[{"embeddable":true,"href":"https:\/\/dgospel.com.br\/portal\/index.php\/wp-json\/wp\/v2\/media\/3371"}],"wp:attachment":[{"href":"https:\/\/dgospel.com.br\/portal\/index.php\/wp-json\/wp\/v2\/media?parent=3370"}],"wp:term":[{"taxonomy":"category","embeddable":true,"href":"https:\/\/dgospel.com.br\/portal\/index.php\/wp-json\/wp\/v2\/categories?post=3370"},{"taxonomy":"post_tag","embeddable":true,"href":"https:\/\/dgospel.com.br\/portal\/index.php\/wp-json\/wp\/v2\/tags?post=3370"}],"curies":[{"name":"wp","href":"https:\/\/api.w.org\/{rel}","templated":true}]}}