{"id":3373,"date":"2019-06-13T15:29:51","date_gmt":"2019-06-13T18:29:51","guid":{"rendered":"http:\/\/dgospel.com.br\/portal\/?p=3373"},"modified":"2019-06-13T15:29:52","modified_gmt":"2019-06-13T18:29:52","slug":"moro-recebe-oracao-de-deputados-evangelicos-e-se-diz-tranquilo-com-a-lava-jato","status":"publish","type":"post","link":"https:\/\/dgospel.com.br\/portal\/index.php\/2019\/06\/13\/moro-recebe-oracao-de-deputados-evangelicos-e-se-diz-tranquilo-com-a-lava-jato\/","title":{"rendered":"Moro recebe ora\u00e7\u00e3o de deputados evang\u00e9licos e se diz tranquilo com a Lava-Jato"},"content":{"rendered":"\n<p>O ministro da Justi\u00e7a e Seguran\u00e7a P\u00fablica,&nbsp;<a href=\"https:\/\/guiame.com.br\/gospel\/noticias\/sergio-moro-ira-comandar-o-ministerio-da-justica-no-governo-bolsonaro.html\"><strong>S\u00e9rgio Moro<\/strong><\/a>, recebeu nesta quarta-feira (12) cerca de 30 parlamentares evang\u00e9licos em seu gabinete em Bras\u00edlia. A reuni\u00e3o acontece em meio \u00e0 repercuss\u00e3o de supostas conversas entre Moro e o procurador&nbsp;<a href=\"https:\/\/guiame.com.br\/gospel\/mundo-cristao\/deltan-dallagnol-e-criticado-apos-afirmar-que-ora-e-jejua-pelo-fim-da-corrupcao.html\"><strong>Deltan Dallagnol<\/strong><\/a>, coordenador da for\u00e7a-tarefa da Opera\u00e7\u00e3o Lava-Jato.<\/p>\n\n\n\n<p>O encontro com membros da Frente Parlamentar Evang\u00e9lica durou cerca de 40 minutos. Segundo o jornal O Globo, Moro negou que tenha combinado atua\u00e7\u00f5es com a for\u00e7a-tarefa do Minist\u00e9rio P\u00fablico Federal (MPF) no per\u00edodo em que era respons\u00e1vel pelos processos enquanto juiz.<\/p>\n\n\n\n<p>\u201cEle nos disse que foi um vazamento criminoso, que n\u00e3o pode confirmar nada at\u00e9 porque n\u00e3o sabe o conte\u00fado total\u201d, disse o deputado e pastor Marco Feliciano (Podemos-SP) sobre conversas vazadas pelo site The Intercept Brasil.<\/p>\n\n\n\n<p>De acordo com Feliciano, o ministro mostrou tranquilidade e descartou a possibilidade de a\u00e7\u00f5es combinadas entre ele e Dallagnol. \u201cMoro disse que est\u00e1 tranquilo, que quem n\u00e3o deve n\u00e3o teme e que n\u00e3o houve conluio algum\u201d, afirmou Feliciano.<\/p>\n\n\n\n<p>No fim do encontro, o deputado Silas C\u00e2mara (PRB-AM) perguntou a Moro se ele aceitaria uma&nbsp;<a href=\"https:\/\/guiame.com.br\/gospel\/mundo-cristao\/pastores-entregam-biblia-e-oram-por-sergio-moro-em-brasilia.html\"><strong>ora\u00e7\u00e3o<\/strong><\/a>. \u201cEnt\u00e3o, n\u00f3s nos colocamos em ora\u00e7\u00e3o por ele\u201d, relatou Feliciano.<\/p>\n\n\n\n<p>Feliciano explicou que os parlamentares evang\u00e9licos tiveram o encontro com Moro para demonstrar apoio em um momento em que opositores questionam a atua\u00e7\u00e3o do ex-juiz, chegando a sugerir que ele deveria se afastar do cargo.<\/p>\n\n\n\n<p>A for\u00e7a-tarefa da Lava Jato acredita que \u201cdi\u00e1logos inteiros podem ter sido forjados\u201d pelo hacker que invadiu celulares e grupos de mensagens de procuradores da Rep\u00fablica, disse o MPF do Paran\u00e1 em nota.<\/p>\n\n\n\n<p>Nesta ter\u00e7a-feira, um hacker invadiu um grupo do aplicativo Telegram formado por conselheiros do Conselho Nacional do Minist\u00e9rio P\u00fablico (CNMP) e afirmou que acessa \u201cquem quiser e quando quiser\u201d.<\/p>\n\n\n\n<p>Feliciano lembrou que a Pol\u00edcia Federal (PF) est\u00e1 investigando os ataques de hackers ao magistrado e a procuradores da Lava-Jato.<\/p>\n\n\n\n<p> FONTE: GUIAME, COM INFORMA\u00c7\u00d5ES DO GLOBO <\/p>\n","protected":false},"excerpt":{"rendered":"<p>O ministro da Justi\u00e7a e Seguran\u00e7a P\u00fablica,&nbsp;S\u00e9rgio Moro, recebeu nesta quarta-feira (12) cerca de 30 parlamentares evang\u00e9licos em seu gabinete em Bras\u00edlia. A reuni\u00e3o acontece em meio \u00e0 repercuss\u00e3o de supostas conversas entre Moro e o procurador&nbsp;Deltan Dallagnol, coordenador da for\u00e7a-tarefa da Opera\u00e7\u00e3o Lava-Jato. O encontro com membros da Frente Parlamentar Evang\u00e9lica durou cerca de [&hellip;]<\/p>\n","protected":false},"author":2,"featured_media":3374,"comment_status":"open","ping_status":"open","sticky":false,"template":"","format":"standard","meta":[],"categories":[5,6],"tags":[],"_links":{"self":[{"href":"https:\/\/dgospel.com.br\/portal\/index.php\/wp-json\/wp\/v2\/posts\/3373"}],"collection":[{"href":"https:\/\/dgospel.com.br\/portal\/index.php\/wp-json\/wp\/v2\/posts"}],"about":[{"href":"https:\/\/dgospel.com.br\/portal\/index.php\/wp-json\/wp\/v2\/types\/post"}],"author":[{"embeddable":true,"href":"https:\/\/dgospel.com.br\/portal\/index.php\/wp-json\/wp\/v2\/users\/2"}],"replies":[{"embeddable":true,"href":"https:\/\/dgospel.com.br\/portal\/index.php\/wp-json\/wp\/v2\/comments?post=3373"}],"version-history":[{"count":1,"href":"https:\/\/dgospel.com.br\/portal\/index.php\/wp-json\/wp\/v2\/posts\/3373\/revisions"}],"predecessor-version":[{"id":3375,"href":"https:\/\/dgospel.com.br\/portal\/index.php\/wp-json\/wp\/v2\/posts\/3373\/revisions\/3375"}],"wp:featuredmedia":[{"embeddable":true,"href":"https:\/\/dgospel.com.br\/portal\/index.php\/wp-json\/wp\/v2\/media\/3374"}],"wp:attachment":[{"href":"https:\/\/dgospel.com.br\/portal\/index.php\/wp-json\/wp\/v2\/media?parent=3373"}],"wp:term":[{"taxonomy":"category","embeddable":true,"href":"https:\/\/dgospel.com.br\/portal\/index.php\/wp-json\/wp\/v2\/categories?post=3373"},{"taxonomy":"post_tag","embeddable":true,"href":"https:\/\/dgospel.com.br\/portal\/index.php\/wp-json\/wp\/v2\/tags?post=3373"}],"curies":[{"name":"wp","href":"https:\/\/api.w.org\/{rel}","templated":true}]}}