{"id":3376,"date":"2019-06-13T16:02:58","date_gmt":"2019-06-13T19:02:58","guid":{"rendered":"http:\/\/dgospel.com.br\/portal\/?p=3376"},"modified":"2019-06-13T16:02:59","modified_gmt":"2019-06-13T19:02:59","slug":"parlamento-traz-a-tona-debate-sobre-terceira-idade","status":"publish","type":"post","link":"https:\/\/dgospel.com.br\/portal\/index.php\/2019\/06\/13\/parlamento-traz-a-tona-debate-sobre-terceira-idade\/","title":{"rendered":"Parlamento traz \u00e0 tona debate sobre terceira idade"},"content":{"rendered":"\n<p>Com a Casa cheia e muitos aplausos, os idosos marcaram a Sess\u00e3o Solene em homenagem ao Dia Mundial de Conscientiza\u00e7\u00e3o da Viol\u00eancia Contra a Pessoa Idosa, realizada pela C\u00e2mara Municipal de Palmas na quinta-feira, 13. A sess\u00e3o foi proposta pela vereadora Laudecy Coimbra (SD).<\/p>\n\n\n\n<p>A vereadora usou a tribuna para ressaltar que a popula\u00e7\u00e3o do Brasil est\u00e1 envelhecendo e incentivar den\u00fancias de casos de viol\u00eancia contra as idosas. \u201cA inten\u00e7\u00e3o \u00e9 chamar aten\u00e7\u00e3o para os casos de viol\u00eancia. Sabemos que os idosos normalmente s\u00e3o v\u00edtimas de familiares ou cuidadores, das pessoas que deveriam cuidar, e, por isso, acontece de eles n\u00e3o terem coragem de denunciar, por que \u00e9 a \u00fanica pessoa que t\u00eam. Assim, \u00e9 importante chamar aten\u00e7\u00e3o e despertar na sociedade a coragem para denunciar. N\u00e3o tenham medo. \u00c9 preciso que algu\u00e9m tome a iniciativa\u201d, motivou.<\/p>\n\n\n\n<p>J\u00e1 o presidente da Casa, Marilon Barbosa (PSB), enfatizou que a troca de viv\u00eancias com os idosos \u00e9 valiosa. \u201cO idoso tem muita experi\u00eancia para nos passar. Temos que sempre procurar ouvir seus conselhos, mas acima de tudo, precisamos zelar sempre por eles\u201d, disse o pessebista.<\/p>\n\n\n\n<p>Representando a Universidade da Maturidade, o professor Lu\u00eds Sin\u00e9sio Silva Neto, destacou como a educa\u00e7\u00e3o \u00e9 pe\u00e7a chave para redu\u00e7\u00e3o dos casos de viol\u00eancia contra \u00e0s pessoas idosas e o papel da fam\u00edlia. \u201cN\u00e3o tem receita simples. Precisamos garantir o acesso \u00e0 educa\u00e7\u00e3o desde a inf\u00e2ncia at\u00e9 a velhice. Quando criamos consci\u00eancia de que queremos chegar \u00e0 velhice e, que ao chegar, queremos viver com dignidade, os \u00edndices tendem a diminuir. A cultura do cuidado deve ser constitu\u00edda nas fam\u00edlias, porque a fam\u00edlia \u00e9 a principal cuidadora\u201d, analisou.<\/p>\n\n\n\n<p>Neste sentido tamb\u00e9m, a coordenadora do Parque da Pessoa Idosa, Silvanete Mota de Oliveira, falou sobre como o envolvimento do idoso em atividades \u00e9 importante para a melhoria de sua qualidade de vida e de seu conv\u00edvio familiar. \u201cTemos que trabalhar o todo, n\u00e3o podemos pensar s\u00f3 no f\u00edsico, ou s\u00f3 no mental, tem que ser um conjunto de Pol\u00edticas P\u00fablicas que andem de m\u00e3os dadas. A viol\u00eancia muitas vezes acontece porque nossos idosos est\u00e3o ociosos, depressivos, e por isso s\u00e3o t\u00e3o importantes atividades de arte, esporte e lazer que oferecemos\u201d, afirmou.<\/p>\n\n\n\n<p>A sess\u00e3o fez alus\u00e3o ao Dia Mundial de Conscientiza\u00e7\u00e3o da Viol\u00eancia Contra a Pessoa Idosa, celebrado a cada dia 15 de junho, e tamb\u00e9m \u00e0 Semana Municipal de Incentivo \u00e0 Conscientiza\u00e7\u00e3o Contra a Viol\u00eancia \u00e0 Pessoa Idosa, que \u00e9 realizada, anualmente, na segunda semana do m\u00eas de junho e foi criada por meio de Projeto de Lei do vereador, Etinho Nordeste (PTB).<\/p>\n","protected":false},"excerpt":{"rendered":"<p>Com a Casa cheia e muitos aplausos, os idosos marcaram a Sess\u00e3o Solene em homenagem ao Dia Mundial de Conscientiza\u00e7\u00e3o da Viol\u00eancia Contra a Pessoa Idosa, realizada pela C\u00e2mara Municipal de Palmas na quinta-feira, 13. A sess\u00e3o foi proposta pela vereadora Laudecy Coimbra (SD). A vereadora usou a tribuna para ressaltar que a popula\u00e7\u00e3o do [&hellip;]<\/p>\n","protected":false},"author":2,"featured_media":3377,"comment_status":"open","ping_status":"open","sticky":false,"template":"","format":"standard","meta":[],"categories":[8],"tags":[],"_links":{"self":[{"href":"https:\/\/dgospel.com.br\/portal\/index.php\/wp-json\/wp\/v2\/posts\/3376"}],"collection":[{"href":"https:\/\/dgospel.com.br\/portal\/index.php\/wp-json\/wp\/v2\/posts"}],"about":[{"href":"https:\/\/dgospel.com.br\/portal\/index.php\/wp-json\/wp\/v2\/types\/post"}],"author":[{"embeddable":true,"href":"https:\/\/dgospel.com.br\/portal\/index.php\/wp-json\/wp\/v2\/users\/2"}],"replies":[{"embeddable":true,"href":"https:\/\/dgospel.com.br\/portal\/index.php\/wp-json\/wp\/v2\/comments?post=3376"}],"version-history":[{"count":1,"href":"https:\/\/dgospel.com.br\/portal\/index.php\/wp-json\/wp\/v2\/posts\/3376\/revisions"}],"predecessor-version":[{"id":3378,"href":"https:\/\/dgospel.com.br\/portal\/index.php\/wp-json\/wp\/v2\/posts\/3376\/revisions\/3378"}],"wp:featuredmedia":[{"embeddable":true,"href":"https:\/\/dgospel.com.br\/portal\/index.php\/wp-json\/wp\/v2\/media\/3377"}],"wp:attachment":[{"href":"https:\/\/dgospel.com.br\/portal\/index.php\/wp-json\/wp\/v2\/media?parent=3376"}],"wp:term":[{"taxonomy":"category","embeddable":true,"href":"https:\/\/dgospel.com.br\/portal\/index.php\/wp-json\/wp\/v2\/categories?post=3376"},{"taxonomy":"post_tag","embeddable":true,"href":"https:\/\/dgospel.com.br\/portal\/index.php\/wp-json\/wp\/v2\/tags?post=3376"}],"curies":[{"name":"wp","href":"https:\/\/api.w.org\/{rel}","templated":true}]}}