{"id":3382,"date":"2019-06-13T16:23:31","date_gmt":"2019-06-13T19:23:31","guid":{"rendered":"http:\/\/dgospel.com.br\/portal\/?p=3382"},"modified":"2019-06-13T16:23:32","modified_gmt":"2019-06-13T19:23:32","slug":"vendas-do-comercio-crescem-71-em-abril-no-tocantins","status":"publish","type":"post","link":"https:\/\/dgospel.com.br\/portal\/index.php\/2019\/06\/13\/vendas-do-comercio-crescem-71-em-abril-no-tocantins\/","title":{"rendered":"Vendas do com\u00e9rcio crescem 7,1% em abril no Tocantins"},"content":{"rendered":"\n<p>Comparando com o resultado de 2018, o m\u00eas de abril deste ano alcan\u00e7ou um crescimento de 7,1% nas vendas do com\u00e9rcio varejista no Tocantins, segundo dados da Pesquisa Mensal de Com\u00e9rcio (PMC), divulgada pelo Instituto Brasileiro de Geografia e Estat\u00edstica (IBGE). J\u00e1 a varia\u00e7\u00e3o da receita nominal foi de 12,9% frente ao desempenho do mesmo m\u00eas do ano passado.<\/p>\n\n\n\n<p>Apesar do resultado positivo, a varia\u00e7\u00e3o m\u00eas a m\u00eas (que compara o resultado com o m\u00eas imediatamente anterior) vem mostrando uma desacelera\u00e7\u00e3o do crescimento no Tocantins, tanto no volume de vendas quanto no faturamento. \u201cEssas varia\u00e7\u00f5es s\u00e3o causadas, principalmente, pela lenta retomada dos empregos. Sem renda, n\u00e3o h\u00e1 consumo. Sem consumo, n\u00e3o h\u00e1 vendas. O com\u00e9rcio \u00e9 um ciclo e, analisando o comportamento dos quatro meses de 2019 considerados pela pesquisa do IBGE, sentimos que a recupera\u00e7\u00e3o da economia vai demorar um pouco mais\u201d, explica a assessora econ\u00f4mica da Fecom\u00e9rcio Tocantins, Fabiane Capellesso.<\/p>\n\n\n\n<p>No caso do volume de vendas do com\u00e9rcio varejista, o ano come\u00e7ou com queda de -6% (com ajuste sazonal). Alcan\u00e7ou 10% em fevereiro e passou a sofrer recuos, registrando 3,7% em mar\u00e7o e 0,7% em abril. No caso da receita nominal de vendas do com\u00e9rcio varejista, janeiro tamb\u00e9m apresentou resultado negativo (-5,6%), fevereiro ficou em 11,8% e come\u00e7ou a perder for\u00e7a: mar\u00e7o registrou 5,2% e abril, 1,2%.<\/p>\n\n\n\n<p><strong>Brasil<\/strong><\/p>\n\n\n\n<p>Para a Confedera\u00e7\u00e3o Nacional do Com\u00e9rcio de Bens, Servi\u00e7os e Turismo (CNC), o volume de vendas no com\u00e9rcio varejista brasileiro continua emitindo sinais de desacelera\u00e7\u00e3o no curto prazo. Com infla\u00e7\u00e3o e taxas de juros ao consumidor mais elevadas ao longo de 2019, o volume de vendas do varejo segue sendo afetado pela fragilidade das condi\u00e7\u00f5es de consumo, especialmente, diante do atual cen\u00e1rio do mercado de trabalho.<br>&nbsp;&nbsp;<br>Diante dos resultados de abril, a CNC voltou a revisar para baixo sua expectativa para a varia\u00e7\u00e3o das vendas em 2019. A entidade projeta crescimento real de +4,5% em rela\u00e7\u00e3o ao ano passado ante uma expectativa anterior de +4,9%. Nos dois \u00faltimos anos, o volume de vendas do varejo brasileiro variou +4,0% e +5,0%, respectivamente.<\/p>\n","protected":false},"excerpt":{"rendered":"<p>Comparando com o resultado de 2018, o m\u00eas de abril deste ano alcan\u00e7ou um crescimento de 7,1% nas vendas do com\u00e9rcio varejista no Tocantins, segundo dados da Pesquisa Mensal de Com\u00e9rcio (PMC), divulgada pelo Instituto Brasileiro de Geografia e Estat\u00edstica (IBGE). J\u00e1 a varia\u00e7\u00e3o da receita nominal foi de 12,9% frente ao desempenho do mesmo [&hellip;]<\/p>\n","protected":false},"author":2,"featured_media":3383,"comment_status":"open","ping_status":"open","sticky":false,"template":"","format":"standard","meta":[],"categories":[3],"tags":[],"_links":{"self":[{"href":"https:\/\/dgospel.com.br\/portal\/index.php\/wp-json\/wp\/v2\/posts\/3382"}],"collection":[{"href":"https:\/\/dgospel.com.br\/portal\/index.php\/wp-json\/wp\/v2\/posts"}],"about":[{"href":"https:\/\/dgospel.com.br\/portal\/index.php\/wp-json\/wp\/v2\/types\/post"}],"author":[{"embeddable":true,"href":"https:\/\/dgospel.com.br\/portal\/index.php\/wp-json\/wp\/v2\/users\/2"}],"replies":[{"embeddable":true,"href":"https:\/\/dgospel.com.br\/portal\/index.php\/wp-json\/wp\/v2\/comments?post=3382"}],"version-history":[{"count":1,"href":"https:\/\/dgospel.com.br\/portal\/index.php\/wp-json\/wp\/v2\/posts\/3382\/revisions"}],"predecessor-version":[{"id":3384,"href":"https:\/\/dgospel.com.br\/portal\/index.php\/wp-json\/wp\/v2\/posts\/3382\/revisions\/3384"}],"wp:featuredmedia":[{"embeddable":true,"href":"https:\/\/dgospel.com.br\/portal\/index.php\/wp-json\/wp\/v2\/media\/3383"}],"wp:attachment":[{"href":"https:\/\/dgospel.com.br\/portal\/index.php\/wp-json\/wp\/v2\/media?parent=3382"}],"wp:term":[{"taxonomy":"category","embeddable":true,"href":"https:\/\/dgospel.com.br\/portal\/index.php\/wp-json\/wp\/v2\/categories?post=3382"},{"taxonomy":"post_tag","embeddable":true,"href":"https:\/\/dgospel.com.br\/portal\/index.php\/wp-json\/wp\/v2\/tags?post=3382"}],"curies":[{"name":"wp","href":"https:\/\/api.w.org\/{rel}","templated":true}]}}