{"id":3388,"date":"2019-06-14T13:07:37","date_gmt":"2019-06-14T16:07:37","guid":{"rendered":"http:\/\/dgospel.com.br\/portal\/?p=3388"},"modified":"2019-06-14T13:07:40","modified_gmt":"2019-06-14T16:07:40","slug":"bolsonaro-diz-que-decisao-do-stf-sobre-homofobia-foi-completamente-equivocada","status":"publish","type":"post","link":"https:\/\/dgospel.com.br\/portal\/index.php\/2019\/06\/14\/bolsonaro-diz-que-decisao-do-stf-sobre-homofobia-foi-completamente-equivocada\/","title":{"rendered":"Bolsonaro diz que decis\u00e3o do STF sobre homofobia foi &#8216;completamente equivocada&#8217;"},"content":{"rendered":"\n<p>O presidente&nbsp;<a href=\"https:\/\/g1.globo.com\/politica\/politico\/jair-bolsonaro\/\">Jair Bolsonaro<\/a>&nbsp;afirmou na manh\u00e3 desta sexta-feira (14) que a decis\u00e3o do Supremo Tribunal Federal (STF) de&nbsp;<a href=\"https:\/\/g1.globo.com\/politica\/noticia\/2019\/06\/13\/stf-permite-criminalizacao-da-homofobia-e-da-transfobia.ghtml\">criminalizar a homofobia e transfobia<\/a>&nbsp;foi &#8220;completamente equivocada&#8221;.<\/p>\n\n\n\n<p>O STF decidiu nesta quinta-feira (13), por 8 votos a 3, que atos preconceituosos contra homossexuais e transexuais devem ser enquadrados no crime de racismo.<\/p>\n\n\n\n<p>Bolsonaro comentou o resultado do julgamento durante um caf\u00e9 da manh\u00e3 com jornalistas no Pal\u00e1cio do Planalto.<\/p>\n\n\n\n<p>Para o presidente Jair Bolsonaro, ao tipificar a homofobia como racismo o STF legislou sobre o assunto. &#8220;A decis\u00e3o \u00e9 completamente equivocada&#8221;, disse o presidente ao comentar o julgamento.<\/p>\n\n\n\n<p>De acordo com Bolsonaro, a decis\u00e3o do Supremo prejudica as pessoas que s\u00e3o homossexuais. Ele argumentou que um empregador pensar\u00e1 &#8220;duas vezes&#8221; antes de contratar um homossexual.<\/p>\n\n\n\n<p>Com a decis\u00e3o, o Brasil se tornou o<a href=\"https:\/\/g1.globo.com\/politica\/noticia\/2019\/06\/13\/com-decisao-do-stf-brasil-se-torna-43o-pais-a-criminalizar-homofobia-diz-relatorio.ghtml\">&nbsp;43\u00ba pa\u00eds a criminalizar a homofobia<\/a>, segundo o relat\u00f3rio &#8220;Homofobia Patrocinada pelo Estado&#8221;, elaborado pela Associa\u00e7\u00e3o Internacional de L\u00e9sbicas, Gays, Bissexuais, Transexuais e Intersexuais (Ilga).<\/p>\n\n\n\n<p><strong>Por Guilherme Mazui, Roniara Castilhos e Delis Ortiz, G1 e TV Globo\u00a0<\/strong><\/p>\n","protected":false},"excerpt":{"rendered":"<p>O presidente&nbsp;Jair Bolsonaro&nbsp;afirmou na manh\u00e3 desta sexta-feira (14) que a decis\u00e3o do Supremo Tribunal Federal (STF) de&nbsp;criminalizar a homofobia e transfobia&nbsp;foi &#8220;completamente equivocada&#8221;. O STF decidiu nesta quinta-feira (13), por 8 votos a 3, que atos preconceituosos contra homossexuais e transexuais devem ser enquadrados no crime de racismo. Bolsonaro comentou o resultado do julgamento durante [&hellip;]<\/p>\n","protected":false},"author":2,"featured_media":3389,"comment_status":"open","ping_status":"open","sticky":false,"template":"","format":"standard","meta":[],"categories":[6,4],"tags":[],"_links":{"self":[{"href":"https:\/\/dgospel.com.br\/portal\/index.php\/wp-json\/wp\/v2\/posts\/3388"}],"collection":[{"href":"https:\/\/dgospel.com.br\/portal\/index.php\/wp-json\/wp\/v2\/posts"}],"about":[{"href":"https:\/\/dgospel.com.br\/portal\/index.php\/wp-json\/wp\/v2\/types\/post"}],"author":[{"embeddable":true,"href":"https:\/\/dgospel.com.br\/portal\/index.php\/wp-json\/wp\/v2\/users\/2"}],"replies":[{"embeddable":true,"href":"https:\/\/dgospel.com.br\/portal\/index.php\/wp-json\/wp\/v2\/comments?post=3388"}],"version-history":[{"count":1,"href":"https:\/\/dgospel.com.br\/portal\/index.php\/wp-json\/wp\/v2\/posts\/3388\/revisions"}],"predecessor-version":[{"id":3390,"href":"https:\/\/dgospel.com.br\/portal\/index.php\/wp-json\/wp\/v2\/posts\/3388\/revisions\/3390"}],"wp:featuredmedia":[{"embeddable":true,"href":"https:\/\/dgospel.com.br\/portal\/index.php\/wp-json\/wp\/v2\/media\/3389"}],"wp:attachment":[{"href":"https:\/\/dgospel.com.br\/portal\/index.php\/wp-json\/wp\/v2\/media?parent=3388"}],"wp:term":[{"taxonomy":"category","embeddable":true,"href":"https:\/\/dgospel.com.br\/portal\/index.php\/wp-json\/wp\/v2\/categories?post=3388"},{"taxonomy":"post_tag","embeddable":true,"href":"https:\/\/dgospel.com.br\/portal\/index.php\/wp-json\/wp\/v2\/tags?post=3388"}],"curies":[{"name":"wp","href":"https:\/\/api.w.org\/{rel}","templated":true}]}}