{"id":3391,"date":"2019-06-14T13:39:16","date_gmt":"2019-06-14T16:39:16","guid":{"rendered":"http:\/\/dgospel.com.br\/portal\/?p=3391"},"modified":"2019-06-14T13:39:18","modified_gmt":"2019-06-14T16:39:18","slug":"bolsonaro-volta-a-falar-que-quer-indicar-um-ministro-evangelico-para-o-stf","status":"publish","type":"post","link":"https:\/\/dgospel.com.br\/portal\/index.php\/2019\/06\/14\/bolsonaro-volta-a-falar-que-quer-indicar-um-ministro-evangelico-para-o-stf\/","title":{"rendered":"Bolsonaro volta a falar que quer indicar um ministro evang\u00e9lico para o STF"},"content":{"rendered":"\n<p>Bolsonaro voltou a falar que quer indicar um ministro evang\u00e9lico\npara o STF. &#8220;Em especial depois da decis\u00e3o de ontem&#8221;, declarou o\npresidente.<\/p>\n\n\n\n<p>No final de maio, em conven\u00e7\u00e3o nacional das Assembleias de Deus,\nem Goi\u00e2nia,&nbsp;<a href=\"https:\/\/g1.globo.com\/go\/goias\/noticia\/2019\/05\/31\/sera-que-nao-esta-na-hora-de-termos-um-ministro-no-supremo-tribunal-federal-evangelico-diz-bolsonaro-em-evento-religioso.ghtml\"><strong>Bolsonaro j\u00e1 havia sugerido a\nideia<\/strong><\/a>&nbsp;ao comentar o in\u00edcio do julgamento do tema no\nSupremo.<\/p>\n\n\n\n<p>&#8220;Com todo respeito ao Supremo Tribunal Federal, eu\npergunto: existe algum, entre os 11 ministros do Supremo, evang\u00e9lico? Crist\u00e3o\nassumido? N\u00e3o me venha a imprensa dizer que eu quero misturar a Justi\u00e7a com\nreligi\u00e3o. Todos n\u00f3s temos uma religi\u00e3o ou n\u00e3o temos. E respeitamos, um tem que\nrespeitar o outro. Ser\u00e1 que n\u00e3o est\u00e1 na hora de termos um ministro no Supremo\nTribunal Federal evang\u00e9lico?&#8221;, disse Bolsonaro na ocasi\u00e3o.<\/p>\n\n\n\n<p>Segundo o presidente, se o STF tivesse um ministro evang\u00e9lico,\nele pediria vista e sentaria em cima de um caso como este.<\/p>\n\n\n\n<p>&#8220;Acho equivocado o que o Supremo fez ontem, tem que ter\nequil\u00edbrio l\u00e1 dentro. N\u00e3o \u00e9 misturar pol\u00edtica com Justi\u00e7a e religi\u00e3o&#8221;,\ndisse Bolsonaro.<\/p>\n","protected":false},"excerpt":{"rendered":"<p>Bolsonaro voltou a falar que quer indicar um ministro evang\u00e9lico para o STF. &#8220;Em especial depois da decis\u00e3o de ontem&#8221;, declarou o presidente. No final de maio, em conven\u00e7\u00e3o nacional das Assembleias de Deus, em Goi\u00e2nia,&nbsp;Bolsonaro j\u00e1 havia sugerido a ideia&nbsp;ao comentar o in\u00edcio do julgamento do tema no Supremo. &#8220;Com todo respeito ao Supremo [&hellip;]<\/p>\n","protected":false},"author":2,"featured_media":3392,"comment_status":"open","ping_status":"open","sticky":false,"template":"","format":"standard","meta":[],"categories":[6,4],"tags":[],"_links":{"self":[{"href":"https:\/\/dgospel.com.br\/portal\/index.php\/wp-json\/wp\/v2\/posts\/3391"}],"collection":[{"href":"https:\/\/dgospel.com.br\/portal\/index.php\/wp-json\/wp\/v2\/posts"}],"about":[{"href":"https:\/\/dgospel.com.br\/portal\/index.php\/wp-json\/wp\/v2\/types\/post"}],"author":[{"embeddable":true,"href":"https:\/\/dgospel.com.br\/portal\/index.php\/wp-json\/wp\/v2\/users\/2"}],"replies":[{"embeddable":true,"href":"https:\/\/dgospel.com.br\/portal\/index.php\/wp-json\/wp\/v2\/comments?post=3391"}],"version-history":[{"count":1,"href":"https:\/\/dgospel.com.br\/portal\/index.php\/wp-json\/wp\/v2\/posts\/3391\/revisions"}],"predecessor-version":[{"id":3393,"href":"https:\/\/dgospel.com.br\/portal\/index.php\/wp-json\/wp\/v2\/posts\/3391\/revisions\/3393"}],"wp:featuredmedia":[{"embeddable":true,"href":"https:\/\/dgospel.com.br\/portal\/index.php\/wp-json\/wp\/v2\/media\/3392"}],"wp:attachment":[{"href":"https:\/\/dgospel.com.br\/portal\/index.php\/wp-json\/wp\/v2\/media?parent=3391"}],"wp:term":[{"taxonomy":"category","embeddable":true,"href":"https:\/\/dgospel.com.br\/portal\/index.php\/wp-json\/wp\/v2\/categories?post=3391"},{"taxonomy":"post_tag","embeddable":true,"href":"https:\/\/dgospel.com.br\/portal\/index.php\/wp-json\/wp\/v2\/tags?post=3391"}],"curies":[{"name":"wp","href":"https:\/\/api.w.org\/{rel}","templated":true}]}}