{"id":3397,"date":"2019-06-14T13:46:08","date_gmt":"2019-06-14T16:46:08","guid":{"rendered":"http:\/\/dgospel.com.br\/portal\/?p=3397"},"modified":"2019-06-14T13:46:09","modified_gmt":"2019-06-14T16:46:09","slug":"membros-de-igreja-impedem-prefeitura-de-demolir-templo-em-quadra-de-palmas","status":"publish","type":"post","link":"https:\/\/dgospel.com.br\/portal\/index.php\/2019\/06\/14\/membros-de-igreja-impedem-prefeitura-de-demolir-templo-em-quadra-de-palmas\/","title":{"rendered":"Membros de igreja impedem prefeitura de demolir templo em quadra de Palmas"},"content":{"rendered":"\n<p>Moradores se reuniram na manh\u00e3 desta sexta-feira (14) para impedir a demoli\u00e7\u00e3o do pr\u00e9dio de uma igreja evang\u00e9lica na quadra 1.306 Sul, em Palmas. Segundo representantes do grupo, equipes da Prefeitura de Palmas chegaram ao local com tratores e caminh\u00f5es, mas sem uma ordem judicial ou processo administrativo que determinasse a desocupa\u00e7\u00e3o e demoli\u00e7\u00e3o do pr\u00e9dio.<\/p>\n\n\n\n<p>O presidente da associa\u00e7\u00e3o de moradores da 1.306 Sul, Edison Francisco, contou que a \u00e1rea foi doada para a igreja por um movimento de luta pela moradia.<\/p>\n\n\n\n<p>&#8220;No ano passado eles me apresentaram a concess\u00e3o de posse e fui na Secretaria de Desenvolvimento Urbano pedir a libera\u00e7\u00e3o para construir. O secret\u00e1rio me disse que havia muitas igrejas nessa situa\u00e7\u00e3o e estavam buscando meios para regularizar.&#8221;<\/p>\n\n\n\n<p>Ainda segundo o representante do bairro, os documentos foram protocolados no ResolvePalmas, mas n\u00e3o houve resposta do munic\u00edpio. A igreja foi constru\u00edda e os membros pediram a liga\u00e7\u00e3o da \u00e1gua e energia. &#8220;Agora a prefeitura chegou com m\u00e1quinas e caminh\u00f5es para demolir&#8221;, disse.<\/p>\n\n\n\n<p>A Defensoria P\u00fablica recebeu a den\u00fancia e foi at\u00e9 o local para apurar a situa\u00e7\u00e3o, al\u00e9m de conversar com os moradores e equipes da prefeitura. Depois disso, os fiscais do munic\u00edpio deram um prazo de oito dias para a igreja ser desocupada ou a situa\u00e7\u00e3o ser regularizada.<\/p>\n\n\n\n<h2>Outro lado<\/h2>\n\n\n\n<p>A Prefeitura de Palmas informou que, acatando a uma den\u00fancia de ocupa\u00e7\u00e3o irregular em \u00e1rea p\u00fablica do munic\u00edpio na Arse 132, a Secretaria de Desenvolvimento Urbano e Servi\u00e7os Regionais identificou a constru\u00e7\u00e3o de uma igreja e os alicerces do que seria uma casa.<\/p>\n\n\n\n<p>&#8220;A pasta expediu uma ordem de desocupa\u00e7\u00e3o para evitar que a constru\u00e7\u00e3o se ampliasse, uma vez que na den\u00fancia, foi informado que uma pessoa que se diz ligada aos movimentos sociais de moradia estaria incentivando a a\u00e7\u00e3o ilegal.&#8221;<\/p>\n\n\n\n<p>O munic\u00edpio derrubou os alicerces da casa que estava em constru\u00e7\u00e3o e deu prazo para a igreja apresentar documenta\u00e7\u00e3o sobre a situa\u00e7\u00e3o do terreno onde o pr\u00e9dio foi constru\u00eddo.<\/p>\n\n\n\n<p>Fonte: <em>\u00a0<\/em><a href=\"https:\/\/g1.globo.com\/to\/tocantins\/\"><em>G1 Tocantins.<\/em><\/a><\/p>\n","protected":false},"excerpt":{"rendered":"<p>Moradores se reuniram na manh\u00e3 desta sexta-feira (14) para impedir a demoli\u00e7\u00e3o do pr\u00e9dio de uma igreja evang\u00e9lica na quadra 1.306 Sul, em Palmas. Segundo representantes do grupo, equipes da Prefeitura de Palmas chegaram ao local com tratores e caminh\u00f5es, mas sem uma ordem judicial ou processo administrativo que determinasse a desocupa\u00e7\u00e3o e demoli\u00e7\u00e3o do [&hellip;]<\/p>\n","protected":false},"author":2,"featured_media":3398,"comment_status":"open","ping_status":"open","sticky":false,"template":"","format":"standard","meta":[],"categories":[5],"tags":[],"_links":{"self":[{"href":"https:\/\/dgospel.com.br\/portal\/index.php\/wp-json\/wp\/v2\/posts\/3397"}],"collection":[{"href":"https:\/\/dgospel.com.br\/portal\/index.php\/wp-json\/wp\/v2\/posts"}],"about":[{"href":"https:\/\/dgospel.com.br\/portal\/index.php\/wp-json\/wp\/v2\/types\/post"}],"author":[{"embeddable":true,"href":"https:\/\/dgospel.com.br\/portal\/index.php\/wp-json\/wp\/v2\/users\/2"}],"replies":[{"embeddable":true,"href":"https:\/\/dgospel.com.br\/portal\/index.php\/wp-json\/wp\/v2\/comments?post=3397"}],"version-history":[{"count":1,"href":"https:\/\/dgospel.com.br\/portal\/index.php\/wp-json\/wp\/v2\/posts\/3397\/revisions"}],"predecessor-version":[{"id":3399,"href":"https:\/\/dgospel.com.br\/portal\/index.php\/wp-json\/wp\/v2\/posts\/3397\/revisions\/3399"}],"wp:featuredmedia":[{"embeddable":true,"href":"https:\/\/dgospel.com.br\/portal\/index.php\/wp-json\/wp\/v2\/media\/3398"}],"wp:attachment":[{"href":"https:\/\/dgospel.com.br\/portal\/index.php\/wp-json\/wp\/v2\/media?parent=3397"}],"wp:term":[{"taxonomy":"category","embeddable":true,"href":"https:\/\/dgospel.com.br\/portal\/index.php\/wp-json\/wp\/v2\/categories?post=3397"},{"taxonomy":"post_tag","embeddable":true,"href":"https:\/\/dgospel.com.br\/portal\/index.php\/wp-json\/wp\/v2\/tags?post=3397"}],"curies":[{"name":"wp","href":"https:\/\/api.w.org\/{rel}","templated":true}]}}