{"id":340,"date":"2018-05-24T18:04:37","date_gmt":"2018-05-24T21:04:37","guid":{"rendered":"http:\/\/dgospel.com.br\/portal\/?p=340"},"modified":"2018-05-24T18:04:37","modified_gmt":"2018-05-24T21:04:37","slug":"procuradoria-geral-da-republica-e-contraria-ao-registro-da-candidatura-de-carlos-amastha","status":"publish","type":"post","link":"https:\/\/dgospel.com.br\/portal\/index.php\/2018\/05\/24\/procuradoria-geral-da-republica-e-contraria-ao-registro-da-candidatura-de-carlos-amastha\/","title":{"rendered":"Procuradoria-Geral da Rep\u00fablica \u00e9 contr\u00e1ria ao registro da candidatura de Carlos Amastha"},"content":{"rendered":"<p>&nbsp;<\/p>\n<p>Procuradoria-Geral da Rep\u00fablica deu parecer contr\u00e1rio ao registro de candidatura do ex-prefeito Carlos Amashta (PSB) para a elei\u00e7\u00e3o suplementar ao governo do Estado.\u00a0<a href=\"https:\/\/g1.globo.com\/to\/tocantins\/eleicao-suplementar\/2018\/noticia\/carlos-amashta-tem-candidatura-ao-governo-do-estado-negada-pelo-tre.ghtml\">O registro do pol\u00edtico foi negado na semana passada pelo Tribunal Regional Eleitoral (TRE).<\/a>\u00a0O recurso feito no Tribunal Superior Eleitoral (TSE) deve ser julgado na pr\u00f3xima semana.<\/p>\n<p>O entendimento foi dado pelo vice-procurador-geral Humberto Jacques de Medeiros. &#8220;Assim sendo, revela-se acertado o posicionamento da corte regional, ao reconhecer que &#8216;o candidato requerente\/impugnado se desincompatibilizou intempestivamente, no dia 3 de abril de 2018&#8217; [&#8230;] o que resultar\u00e1 apenas em dois meses de efetivo afastamento do cargo de prefeito&#8221;, diz trecho do parecer.<\/p>\n<p><a href=\"https:\/\/g1.globo.com\/to\/tocantins\/noticia\/carlos-amastha-renuncia-prefeitura-de-palmas-para-disputar-governo-do-estado.ghtml\">Amastha ficou na Prefeitura de Palmas at\u00e9 3 de abril de 2018.<\/a>\u00a0Por\u00e9m, a lei determina que para concorrer a outros cargos eletivos seria necess\u00e1rio renunciar pelo menos seis meses antes da vota\u00e7\u00e3o. A elei\u00e7\u00e3o est\u00e1 marcada 3 de junho.<\/p>\n<p>Ainda no TRE, os ju\u00edzes discordaram sobre a desincompatibiliza\u00e7\u00e3o por se tratar de uma elei\u00e7\u00e3o suplementar ap\u00f3s a cassa\u00e7\u00e3o de Marcelo Miranda. Mas o TRE negou o registro de candidatura por 5 votos a 1.<\/p>\n<p>O departamento jur\u00eddico da Coliga\u00e7\u00e3o A Verdadeira Mudan\u00e7a informou que o parecer n\u00e3o tem efeito vinculante e que a decis\u00e3o sobre a legalidade da candidatura a governador de Carlos Amastha (PSB) ser\u00e1 tomada pelos sete ministros do Tribunal Superior Eleitoral (TSE) na pr\u00f3xima ter\u00e7a-feira, dia 29.<\/p>\n<p>Elei\u00e7\u00e3o suplementar<\/p>\n<p>A Elei\u00e7\u00e3o Suplementar\u00a0<a href=\"https:\/\/g1.globo.com\/to\/tocantins\/noticia\/confira-as-principais-datas-do-calendario-da-eleicao-suplementar-para-governador.ghtml\">est\u00e1 marcada para o dia 3 de junho e vai definir governador e vice do Tocantins.<\/a>\u00a0Os eleitos devem ficar no mandato tamp\u00e3o at\u00e9 o dia 31 de dezembro. A elei\u00e7\u00e3o direta foi definida depois da cassa\u00e7\u00e3o do governador Marcelo Miranda (MDB) e da vice Cl\u00e1udia Lelis (PV) no fim do m\u00eas de mar\u00e7o.<\/p>\n<p>&nbsp;<\/p>\n<p>Fonte: <strong>G1 Tocantins<\/strong><\/p>\n","protected":false},"excerpt":{"rendered":"<p>&nbsp; Procuradoria-Geral da Rep\u00fablica deu parecer contr\u00e1rio ao registro de candidatura do ex-prefeito Carlos Amashta (PSB) para a elei\u00e7\u00e3o suplementar ao governo do Estado.\u00a0O registro do pol\u00edtico foi negado na semana passada pelo Tribunal Regional Eleitoral (TRE).\u00a0O recurso feito no Tribunal Superior Eleitoral (TSE) deve ser julgado na pr\u00f3xima semana. O entendimento foi dado pelo [&hellip;]<\/p>\n","protected":false},"author":2,"featured_media":170,"comment_status":"open","ping_status":"open","sticky":false,"template":"","format":"standard","meta":[],"categories":[2,4],"tags":[],"_links":{"self":[{"href":"https:\/\/dgospel.com.br\/portal\/index.php\/wp-json\/wp\/v2\/posts\/340"}],"collection":[{"href":"https:\/\/dgospel.com.br\/portal\/index.php\/wp-json\/wp\/v2\/posts"}],"about":[{"href":"https:\/\/dgospel.com.br\/portal\/index.php\/wp-json\/wp\/v2\/types\/post"}],"author":[{"embeddable":true,"href":"https:\/\/dgospel.com.br\/portal\/index.php\/wp-json\/wp\/v2\/users\/2"}],"replies":[{"embeddable":true,"href":"https:\/\/dgospel.com.br\/portal\/index.php\/wp-json\/wp\/v2\/comments?post=340"}],"version-history":[{"count":1,"href":"https:\/\/dgospel.com.br\/portal\/index.php\/wp-json\/wp\/v2\/posts\/340\/revisions"}],"predecessor-version":[{"id":341,"href":"https:\/\/dgospel.com.br\/portal\/index.php\/wp-json\/wp\/v2\/posts\/340\/revisions\/341"}],"wp:featuredmedia":[{"embeddable":true,"href":"https:\/\/dgospel.com.br\/portal\/index.php\/wp-json\/wp\/v2\/media\/170"}],"wp:attachment":[{"href":"https:\/\/dgospel.com.br\/portal\/index.php\/wp-json\/wp\/v2\/media?parent=340"}],"wp:term":[{"taxonomy":"category","embeddable":true,"href":"https:\/\/dgospel.com.br\/portal\/index.php\/wp-json\/wp\/v2\/categories?post=340"},{"taxonomy":"post_tag","embeddable":true,"href":"https:\/\/dgospel.com.br\/portal\/index.php\/wp-json\/wp\/v2\/tags?post=340"}],"curies":[{"name":"wp","href":"https:\/\/api.w.org\/{rel}","templated":true}]}}