{"id":3400,"date":"2019-06-15T15:16:38","date_gmt":"2019-06-15T18:16:38","guid":{"rendered":"http:\/\/dgospel.com.br\/portal\/?p=3400"},"modified":"2019-06-15T15:16:41","modified_gmt":"2019-06-15T18:16:41","slug":"devo-a-deus-a-posicao-que-ocupo-diz-bolsonaro-em-celebracao-na-assembleia-de-deus-em-belem","status":"publish","type":"post","link":"https:\/\/dgospel.com.br\/portal\/index.php\/2019\/06\/15\/devo-a-deus-a-posicao-que-ocupo-diz-bolsonaro-em-celebracao-na-assembleia-de-deus-em-belem\/","title":{"rendered":"\u201cDevo a Deus a posi\u00e7\u00e3o que ocupo\u201d, diz Bolsonaro em celebra\u00e7\u00e3o na Assembleia de Deus em Bel\u00e9m"},"content":{"rendered":"\n<p>O presidente Jair Bolsonaro exaltou o Brasil como um pa\u00eds crist\u00e3o na noite desta quinta-feira (13), em discurso no evento de comemora\u00e7\u00e3o dos 108 anos da Assembleia de Deus no Brasil, realizado na Igreja M\u00e3e em Bel\u00e9m, no Par\u00e1.<\/p>\n\n\n\n<p>Ovacionado pelo p\u00fablico, Bolsonaro subiu ao palco ao lado de l\u00edderes religiosos, deputados, senadores. Tamb\u00e9m estavam o governador do Par\u00e1, H\u00e9lder Barbalho (MDB) e o prefeito de Bel\u00e9m, Zenaldo Coutinho (PSDB). Todos receberam uma ora\u00e7\u00e3o do pastor Samuel C\u00e2mara, presidente nacional da Conven\u00e7\u00e3o da Assembleia de Deus no Brasil (CADB).<\/p>\n\n\n\n<p>No in\u00edcio do discurso, Bolsonaro se lembrou de uma entrevista realizada em uma emissora durante a campanha eleitoral. \u201cE l\u00e1, em dado momento, agu\u00e7ando a curiosidade daquelas pessoas, eles me perguntaram o que estava escrito nas minhas m\u00e3os. E eu mostrei\u201d, disse o presidente, mostrando a palma da m\u00e3o esquerda com as palavras \u201cDeus\u201d, \u201cfam\u00edlia\u201d e \u201cBrasil\u201d.<\/p>\n\n\n\n<p>\u201cN\u00f3s n\u00e3o podemos falar em um Brasil grande sem uma fam\u00edlia forte\u201d, destacou.<\/p>\n\n\n\n<p>Ele tamb\u00e9m citou seu&nbsp;<a href=\"https:\/\/guiame.com.br\/gospel\/noticias\/bolsonaro-cogita-um-ministro-do-stf-evangelico-durante-discurso-em-igreja.html\"><strong>coment\u00e1rio durante um discurso<\/strong><\/a>&nbsp;na Assembleia de Deus em Goi\u00e2nia, no m\u00eas passado. \u201cEu fiz um paralelo de algo que estava sendo votado no Supremo Tribunal Federal (STF). E com todo respeito ao STF, porque o assunto era tipificar homofobia como se racismo fosse. E naquele templo eu perguntei aos irm\u00e3os: ser\u00e1 que n\u00e3o est\u00e1 na hora de termos um ministro evang\u00e9lico no STF?\u201d, contou.<\/p>\n\n\n\n<p>Depois de ser fortemente aplaudido, Bolsonaro disse: \u201cA rea\u00e7\u00e3o [deles] foi a mesma. O Estado \u00e9 laico, mas eu e n\u00f3s todos somos crist\u00e3os. Respeitamos a maioria, respeitamos a minoria, mas o Brasil \u00e9 um pa\u00eds crist\u00e3o\u201d, destacou.<\/p>\n\n\n\n<p>Depois de repetir o vers\u00edculo que se tornou seu slogan \u2014 conhecereis a verdade, e a verdade vos libertar\u00e1 (Jo\u00e3o 8:32) \u2014 Bolsonaro lembrou-se do epis\u00f3dio em que levou uma facada.<\/p>\n\n\n\n<p>\u201cDevo a Deus a minha vida. Devo a Ele, pelas m\u00e3os de muitos de voc\u00eas, a posi\u00e7\u00e3o que ora ocupo no cen\u00e1rio nacional como chefe maior do Poder Executivo\u201d, afirmou o presidente. \u201cN\u00e3o tenho ambi\u00e7\u00f5es. Tenho responsabilidades. Reconhe\u00e7o as minhas defici\u00eancias, mas todos voc\u00eas sabem que Deus capacita os escolhidos\u201d.<\/p>\n\n\n\n<p>Bolsonaro finalizou seu discurso declarando apoio ao ministro da Justi\u00e7a e Seguran\u00e7a P\u00fablica,&nbsp;<a href=\"https:\/\/guiame.com.br\/gospel\/noticias\/moro-recebe-oracao-de-deputados-evangelicos-e-se-diz-tranquilo-com-lava-jato.html\"><strong>S\u00e9rgio Moro<\/strong><\/a>, em meio \u00e0 repercuss\u00e3o de supostas conversas entre Moro e o procurador Deltan Dallagnol, coordenador da for\u00e7a-tarefa da Opera\u00e7\u00e3o Lava-Jato. O presidente tamb\u00e9m agradeceu as ora\u00e7\u00f5es.<\/p>\n\n\n\n<p>\u201cPrimeiro Deus, e depois elas me salvaram\u201d, disse ele. \u201cContinuem orando por n\u00f3s e pelo Brasil. Colocaremos juntos o Brasil no lugar que ele merece. E concluo com o nosso tradicional: Brasil acima de tudo, Deus acima de todos!\u201d.<\/p>\n\n\n\n<p><strong>108 anos de hist\u00f3ria no Brasil<\/strong><\/p>\n\n\n\n<p>A Assembleia de Deus chegou ao Brasil atrav\u00e9s dos mission\u00e1rios suecos Gunnar Vingren e Daniel Berg, que chegaram em Bel\u00e9m (PA) em 19 de novembro de 1910, vindos dos Estados Unidos.<\/p>\n\n\n\n<p>Eles traziam a doutrina do batismo no Esp\u00edrito Santo, com a evid\u00eancia das l\u00ednguas espirituais. A nova doutrina trouxe muita diverg\u00eancia \u2014 enquanto um grupo aderiu, outro rejeitou.<\/p>\n\n\n\n<p>Assim, em 18 de junho de 1911, os mission\u00e1rios fundaram uma nova igreja e adotaram o nome de \u201cMiss\u00e3o de F\u00e9 Apost\u00f3lica\u201d, que j\u00e1 era empregado pelo movimento de Los Angeles, mas sem qualquer v\u00ednculo administrativo.<\/p>\n\n\n\n<p>Mais tarde, em 18 de janeiro de 1918, a nova igreja, por sugest\u00e3o de Gunnar Vingren, passou a chamar-se \u201cAssembleia de Deus\u201d, em virtude da funda\u00e7\u00e3o das Assembleias de Deus nos EUA, mas, sem qualquer liga\u00e7\u00e3o institucional entre ambas as igrejas.<\/p>\n\n\n\n<p>A Assembleia de Deus no Brasil expandiu-se pelo estado do Par\u00e1, alcan\u00e7ando principalmente as camadas mais pobres da popula\u00e7\u00e3o. Chegaram ao Sudeste em 1922 e ganhou impulso com a transfer\u00eancia de Gunnar Vingren em 1924.<\/p>\n\n\n\n<p><br><\/p>\n\n\n\n<p> FONTE: GUIAME <\/p>\n","protected":false},"excerpt":{"rendered":"<p>O presidente Jair Bolsonaro exaltou o Brasil como um pa\u00eds crist\u00e3o na noite desta quinta-feira (13), em discurso no evento de comemora\u00e7\u00e3o dos 108 anos da Assembleia de Deus no Brasil, realizado na Igreja M\u00e3e em Bel\u00e9m, no Par\u00e1. Ovacionado pelo p\u00fablico, Bolsonaro subiu ao palco ao lado de l\u00edderes religiosos, deputados, senadores. Tamb\u00e9m estavam [&hellip;]<\/p>\n","protected":false},"author":2,"featured_media":3401,"comment_status":"open","ping_status":"open","sticky":false,"template":"","format":"standard","meta":[],"categories":[5,6],"tags":[],"_links":{"self":[{"href":"https:\/\/dgospel.com.br\/portal\/index.php\/wp-json\/wp\/v2\/posts\/3400"}],"collection":[{"href":"https:\/\/dgospel.com.br\/portal\/index.php\/wp-json\/wp\/v2\/posts"}],"about":[{"href":"https:\/\/dgospel.com.br\/portal\/index.php\/wp-json\/wp\/v2\/types\/post"}],"author":[{"embeddable":true,"href":"https:\/\/dgospel.com.br\/portal\/index.php\/wp-json\/wp\/v2\/users\/2"}],"replies":[{"embeddable":true,"href":"https:\/\/dgospel.com.br\/portal\/index.php\/wp-json\/wp\/v2\/comments?post=3400"}],"version-history":[{"count":1,"href":"https:\/\/dgospel.com.br\/portal\/index.php\/wp-json\/wp\/v2\/posts\/3400\/revisions"}],"predecessor-version":[{"id":3402,"href":"https:\/\/dgospel.com.br\/portal\/index.php\/wp-json\/wp\/v2\/posts\/3400\/revisions\/3402"}],"wp:featuredmedia":[{"embeddable":true,"href":"https:\/\/dgospel.com.br\/portal\/index.php\/wp-json\/wp\/v2\/media\/3401"}],"wp:attachment":[{"href":"https:\/\/dgospel.com.br\/portal\/index.php\/wp-json\/wp\/v2\/media?parent=3400"}],"wp:term":[{"taxonomy":"category","embeddable":true,"href":"https:\/\/dgospel.com.br\/portal\/index.php\/wp-json\/wp\/v2\/categories?post=3400"},{"taxonomy":"post_tag","embeddable":true,"href":"https:\/\/dgospel.com.br\/portal\/index.php\/wp-json\/wp\/v2\/tags?post=3400"}],"curies":[{"name":"wp","href":"https:\/\/api.w.org\/{rel}","templated":true}]}}