{"id":3403,"date":"2019-06-15T15:30:50","date_gmt":"2019-06-15T18:30:50","guid":{"rendered":"http:\/\/dgospel.com.br\/portal\/?p=3403"},"modified":"2019-06-15T15:30:51","modified_gmt":"2019-06-15T18:30:51","slug":"evangelicos-voltam-a-cobrar-itamaraty-sobre-mudanca-da-embaixada-para-jerusalem","status":"publish","type":"post","link":"https:\/\/dgospel.com.br\/portal\/index.php\/2019\/06\/15\/evangelicos-voltam-a-cobrar-itamaraty-sobre-mudanca-da-embaixada-para-jerusalem\/","title":{"rendered":"Evang\u00e9licos voltam a cobrar Itamaraty sobre mudan\u00e7a da embaixada para Jerusal\u00e9m"},"content":{"rendered":"\n<p>O ministro das Rela\u00e7\u00f5es Exteriores, Ernesto Ara\u00fajo, foi cobrado por 40 deputados da Frente Parlamentar Evang\u00e9lica sobre a transfer\u00eancia da embaixada de Israel para Jerusal\u00e9m, na \u00faltima quarta-feira (12) no Itamaraty.<\/p>\n\n\n\n<p>Conforme informou a coluna de Guilherme Amado na revista \u00c9poca, cada parlamentar exp\u00f4s sua vis\u00e3o sobre como a mudan\u00e7a tem a ver com soberania nacional e com a import\u00e2ncia das rela\u00e7\u00f5es com os Estados Unidos, que transferiu a embaixada americana para Jerusal\u00e9m.<\/p>\n\n\n\n<p>Os parlamentares da bancada evang\u00e9lica lembraram Ara\u00fajo que esperam que o presidente Jair Bolsonaro cumpra sua promessa. No fim da reuni\u00e3o, o chanceler recebeu uma ora\u00e7\u00e3o dos deputados, que em seguida oraram pelo ministro da Justi\u00e7a e Seguran\u00e7a P\u00fablica, S\u00e9rgio Moro.<\/p>\n\n\n\n<p>Em sua visita oficial a Israel, Bolsonaro anunciou a abertura de um escrit\u00f3rio comercial do governo brasileiro em Jerusal\u00e9m, como uma sa\u00edda diplom\u00e1tica para o embara\u00e7o gerado com pa\u00edses \u00e1rabes. No entanto, os parlamentares evang\u00e9licos n\u00e3o abrem m\u00e3o da mudan\u00e7a definitiva da embaixada de Tel Aviv para Jerusal\u00e9m.<\/p>\n\n\n\n<p><strong>Fonte: Guia-me \/ com informa\u00e7\u00f5es \u00c9poca \/ Foto: Coluna Guilherme Amado\/Ag\u00eancia O Globo<\/strong><\/p>\n","protected":false},"excerpt":{"rendered":"<p>O ministro das Rela\u00e7\u00f5es Exteriores, Ernesto Ara\u00fajo, foi cobrado por 40 deputados da Frente Parlamentar Evang\u00e9lica sobre a transfer\u00eancia da embaixada de Israel para Jerusal\u00e9m, na \u00faltima quarta-feira (12) no Itamaraty. Conforme informou a coluna de Guilherme Amado na revista \u00c9poca, cada parlamentar exp\u00f4s sua vis\u00e3o sobre como a mudan\u00e7a tem a ver com soberania [&hellip;]<\/p>\n","protected":false},"author":2,"featured_media":3404,"comment_status":"open","ping_status":"open","sticky":false,"template":"","format":"standard","meta":[],"categories":[5,1],"tags":[],"_links":{"self":[{"href":"https:\/\/dgospel.com.br\/portal\/index.php\/wp-json\/wp\/v2\/posts\/3403"}],"collection":[{"href":"https:\/\/dgospel.com.br\/portal\/index.php\/wp-json\/wp\/v2\/posts"}],"about":[{"href":"https:\/\/dgospel.com.br\/portal\/index.php\/wp-json\/wp\/v2\/types\/post"}],"author":[{"embeddable":true,"href":"https:\/\/dgospel.com.br\/portal\/index.php\/wp-json\/wp\/v2\/users\/2"}],"replies":[{"embeddable":true,"href":"https:\/\/dgospel.com.br\/portal\/index.php\/wp-json\/wp\/v2\/comments?post=3403"}],"version-history":[{"count":1,"href":"https:\/\/dgospel.com.br\/portal\/index.php\/wp-json\/wp\/v2\/posts\/3403\/revisions"}],"predecessor-version":[{"id":3405,"href":"https:\/\/dgospel.com.br\/portal\/index.php\/wp-json\/wp\/v2\/posts\/3403\/revisions\/3405"}],"wp:featuredmedia":[{"embeddable":true,"href":"https:\/\/dgospel.com.br\/portal\/index.php\/wp-json\/wp\/v2\/media\/3404"}],"wp:attachment":[{"href":"https:\/\/dgospel.com.br\/portal\/index.php\/wp-json\/wp\/v2\/media?parent=3403"}],"wp:term":[{"taxonomy":"category","embeddable":true,"href":"https:\/\/dgospel.com.br\/portal\/index.php\/wp-json\/wp\/v2\/categories?post=3403"},{"taxonomy":"post_tag","embeddable":true,"href":"https:\/\/dgospel.com.br\/portal\/index.php\/wp-json\/wp\/v2\/tags?post=3403"}],"curies":[{"name":"wp","href":"https:\/\/api.w.org\/{rel}","templated":true}]}}