{"id":3407,"date":"2019-06-19T09:42:30","date_gmt":"2019-06-19T12:42:30","guid":{"rendered":"http:\/\/dgospel.com.br\/portal\/?p=3407"},"modified":"2019-06-19T09:42:41","modified_gmt":"2019-06-19T12:42:41","slug":"carlesse-abre-consulta-publica-do-ppa-em-araguaina-e-recomenda-que-comunidades-mais-distantes-sejam-ouvidas","status":"publish","type":"post","link":"https:\/\/dgospel.com.br\/portal\/index.php\/2019\/06\/19\/carlesse-abre-consulta-publica-do-ppa-em-araguaina-e-recomenda-que-comunidades-mais-distantes-sejam-ouvidas\/","title":{"rendered":"Carlesse abre consulta p\u00fablica do PPA em Araguaina, e recomenda que comunidades mais distantes sejam ouvidas"},"content":{"rendered":"\n<h1><\/h1>\n\n\n\n<p>Aragua\u00edna \u00e9 o principal polo econ\u00f4mico da regi\u00e3o norte do Estado e sediou nesta ter\u00e7a-feira, 18, a 5\u00aa edi\u00e7\u00e3o da consulta p\u00fablica para elabora\u00e7\u00e3o do Plano Plurianual (PPA) 2020\/2023, que tem como tema O Tocantins que Desejamos. O evento foi aberto oficialmente pelo governador do Tocantins, Mauro Carlesse, na Escola Estadual Jos\u00e9 Alves de Assis e reuniu representantes de 15 munic\u00edpios.<\/p>\n\n\n\n<p>Para o governador Carlesse, o PPA \u00e9 uma oportunidade para, junto com a comunidade, definir as prioridades para cada cidade e promover o desenvolvimento de forma mais democr\u00e1tica e justa. A exemplo de outras edi\u00e7\u00f5es, o Governador recomendou que fosse dada voz \u00e0quelas comunidades at\u00e9 ent\u00e3o esquecidas. &#8220;O PPA \u00e9 muito importante e queremos que esse novo planejamento seja muito mais abrangente e alcance aquelas pessoas e comunidades sempre esquecidas&#8221;, recomendou.<\/p>\n\n\n\n<p>O vice-governador Wanderlei Barbosa destacou a import\u00e2ncia de Aragua\u00edna no cen\u00e1rio econ\u00f4mico tocantinense e que o Governo do Estado \u00e9 um parceiro para promover as a\u00e7\u00f5es estruturantes para atender o munic\u00edpio e toda a regi\u00e3o. \u201cE o PPA \u00e9 uma oportunidade para a sociedade ajudar no processo de desenvolvimento. Esse governo sabe da import\u00e2ncia de Aragua\u00edna e essa consulta \u00e9 muito importante para que os representantes de cada localidade apontem as a\u00e7\u00f5es priorit\u00e1rias para cada localidade&#8221;.<\/p>\n\n\n\n<p>O secret\u00e1rio de Estado da Fazenda e Planejamento, Sandro Henrique, explicou que o PPA estabelece de forma regionalizada as metas a serem alcan\u00e7adas nos pr\u00f3ximos quatro anos. &#8220;As consultas contam com a participa\u00e7\u00e3o de todos os \u00f3rg\u00e3os do Governo, do Legislativo, do Judici\u00e1rio e outros organismos e constitui uma oportunidade para a sociedade dar a sua contribui\u00e7\u00e3o para o desenvolvimento do Estado&#8221;, ressaltou.<\/p>\n\n\n\n<p>As consultas p\u00fablicas s\u00e3o coordenadas pela secretaria da Fazenda e Planejamento (Sefaz), e contam com a participa\u00e7\u00e3o de representantes da sociedade civil e do poder p\u00fablico.&nbsp;&nbsp;\u00c9 por meio dessas consultas que o Governo colhe subs\u00eddios junto \u00e0 popula\u00e7\u00e3o sobre as prioridades de cada localidade para formatar as pol\u00edticas p\u00fablicas que v\u00e3o atender a popula\u00e7\u00e3o para um per\u00edodo de quatro anos.<\/p>\n\n\n\n<p><strong>Munic\u00edpios<\/strong><\/p>\n\n\n\n<p>Participaram desta edi\u00e7\u00e3o em Aragua\u00edna os munic\u00edpios de Aragominas, Aragua\u00edna, Araguan\u00e3, Baba\u00e7ul\u00e2ndia, Barra do Ouro, Campos Lindos, Carmol\u00e2ndia, Filad\u00e9lfia, Goiatins, Muricil\u00e2ndia, Nova Olinda, Piraqu\u00ea, Santa F\u00e9 do Araguaia, Wanderl\u00e2ndia, Xambio\u00e1.<\/p>\n\n\n\n<p><strong>Eixos tem\u00e1ticos<\/strong><\/p>\n\n\n\n<p>Na programa\u00e7\u00e3o em cada localidade constam debates em torno dos seis eixos considerados essenciais ao desenvolvimento socioecon\u00f4mico do Estado do Tocantins: Sa\u00fade; Seguran\u00e7a, Assist\u00eancia Social e Direitos Humanos; Gest\u00e3o P\u00fablica, Participa\u00e7\u00e3o Social e Di\u00e1logo Federativo; Estrutura Produtiva e Sustentabilidade Ambiental; Educa\u00e7\u00e3o, Ci\u00eancia, Tecnologia e Inova\u00e7\u00e3o; e Infraestrutura, Desenvolvimento Regional e Redes de Cidades.<\/p>\n\n\n\n<p><strong>Plano Plurianual<\/strong><\/p>\n\n\n\n<p>O PPA \u00e9 o documento que define as prioridades do Governo para o per\u00edodo de quatro anos, podendo ser revisado a cada ano. Nele consta o planejamento de como ser\u00e3o executadas as pol\u00edticas p\u00fablicas para alcan\u00e7ar os resultados esperados ao bem-estar da popula\u00e7\u00e3o nas diversas \u00e1reas.<\/p>\n\n\n\n<p>Previsto na Constitui\u00e7\u00e3o, estabelece de forma regionalizada, as diretrizes, objetivos e metas da administra\u00e7\u00e3o p\u00fablica estadual para as despesas de capital, custeio e outras dela decorrentes aos programas de dura\u00e7\u00e3o continuada para o desenvolvimento do Estado. O documento a ser elaborado com o resultado das consultas p\u00fablicas, ser\u00e1 para execu\u00e7\u00e3o no per\u00edodo de 2020 a 2023<\/p>\n\n\n\n<p><strong>Participantes<\/strong><\/p>\n\n\n\n<p>A consulta p\u00fablica contou com a presen\u00e7a do vice-governador Vanderlei Barbosa; o presidente da Assembleia Legislativa, Ant\u00f4nio Andrade; o procurador geral de Justi\u00e7a, Jos\u00e9 Omar de Almeida; o defensor p\u00fablico geral, F\u00e1bio Monteiro; o presidente do Tribunal de Contas do Estado (TCE), Severiano Costa Andrade; deputados estaduais; prefeitos da regi\u00e3o; secret\u00e1rios de Estado, outras autoridades e comunidade em geral.<\/p>\n\n\n\n<p><\/p>\n","protected":false},"excerpt":{"rendered":"<p>Aragua\u00edna \u00e9 o principal polo econ\u00f4mico da regi\u00e3o norte do Estado e sediou nesta ter\u00e7a-feira, 18, a 5\u00aa edi\u00e7\u00e3o da consulta p\u00fablica para elabora\u00e7\u00e3o do Plano Plurianual (PPA) 2020\/2023, que tem como tema O Tocantins que Desejamos. O evento foi aberto oficialmente pelo governador do Tocantins, Mauro Carlesse, na Escola Estadual Jos\u00e9 Alves de Assis [&hellip;]<\/p>\n","protected":false},"author":2,"featured_media":3408,"comment_status":"open","ping_status":"open","sticky":false,"template":"","format":"standard","meta":[],"categories":[4],"tags":[],"_links":{"self":[{"href":"https:\/\/dgospel.com.br\/portal\/index.php\/wp-json\/wp\/v2\/posts\/3407"}],"collection":[{"href":"https:\/\/dgospel.com.br\/portal\/index.php\/wp-json\/wp\/v2\/posts"}],"about":[{"href":"https:\/\/dgospel.com.br\/portal\/index.php\/wp-json\/wp\/v2\/types\/post"}],"author":[{"embeddable":true,"href":"https:\/\/dgospel.com.br\/portal\/index.php\/wp-json\/wp\/v2\/users\/2"}],"replies":[{"embeddable":true,"href":"https:\/\/dgospel.com.br\/portal\/index.php\/wp-json\/wp\/v2\/comments?post=3407"}],"version-history":[{"count":1,"href":"https:\/\/dgospel.com.br\/portal\/index.php\/wp-json\/wp\/v2\/posts\/3407\/revisions"}],"predecessor-version":[{"id":3409,"href":"https:\/\/dgospel.com.br\/portal\/index.php\/wp-json\/wp\/v2\/posts\/3407\/revisions\/3409"}],"wp:featuredmedia":[{"embeddable":true,"href":"https:\/\/dgospel.com.br\/portal\/index.php\/wp-json\/wp\/v2\/media\/3408"}],"wp:attachment":[{"href":"https:\/\/dgospel.com.br\/portal\/index.php\/wp-json\/wp\/v2\/media?parent=3407"}],"wp:term":[{"taxonomy":"category","embeddable":true,"href":"https:\/\/dgospel.com.br\/portal\/index.php\/wp-json\/wp\/v2\/categories?post=3407"},{"taxonomy":"post_tag","embeddable":true,"href":"https:\/\/dgospel.com.br\/portal\/index.php\/wp-json\/wp\/v2\/tags?post=3407"}],"curies":[{"name":"wp","href":"https:\/\/api.w.org\/{rel}","templated":true}]}}