{"id":3410,"date":"2019-06-19T10:01:07","date_gmt":"2019-06-19T13:01:07","guid":{"rendered":"http:\/\/dgospel.com.br\/portal\/?p=3410"},"modified":"2019-06-19T10:01:18","modified_gmt":"2019-06-19T13:01:18","slug":"laudecy-coimbra-sai-em-defesa-de-cinthia-ribeiro-e-rebate-comentarios-sobre-posicao-partidaria","status":"publish","type":"post","link":"https:\/\/dgospel.com.br\/portal\/index.php\/2019\/06\/19\/laudecy-coimbra-sai-em-defesa-de-cinthia-ribeiro-e-rebate-comentarios-sobre-posicao-partidaria\/","title":{"rendered":"Laudecy Coimbra sai em defesa de Cinthia Ribeiro e rebate coment\u00e1rios sobre posi\u00e7\u00e3o partid\u00e1ria"},"content":{"rendered":"\n<p>\n\nDurante a sess\u00e3o ordin\u00e1ria dessa ter\u00e7a-feira, 18, a vereadora Laudecy Coimbra (SD) comentou a repercuss\u00e3o de boatos sobre composi\u00e7\u00f5es partid\u00e1rias da prefeita Cinthia Ribeiro para a pr\u00f3xima elei\u00e7\u00e3o, em 2020.&nbsp;<\/p>\n\n\n\n<p>A l\u00edder de Governo lembra o trabalho e os avan\u00e7os realizados pela prefeita, que quando assumiu a gest\u00e3o, ap\u00f3s ren\u00fancia do ex-prefeito Carlos Amastha, foi alvo de questionamentos e desconfian\u00e7as quanto sua capacidade de administrar, uma vez que nunca havia assumido cargo p\u00fablico antes de ser prefeita. \u201cTodos sabem da organiza\u00e7\u00e3o que Cinthia tem feito, o alcance do equil\u00edbrio fiscal e potencial de articula\u00e7\u00e3o e bom relacionamento com Institui\u00e7\u00f5es, entre outros. E ap\u00f3s come\u00e7ar a articular, alguns pol\u00edticos assumiram uma postura duvidosa\u201d, relatou.&nbsp;<\/p>\n\n\n\n<p>Para Laudecy, alguns coment\u00e1rios s\u00e3o inoportunos, referindo-se a rea\u00e7\u00e3o desproporcional de alguns l\u00edderes partid\u00e1rios. A vereadora ainda chama aten\u00e7\u00e3o para quest\u00e3o onde muitos deputados, estaduais e federais, que pensam em obter votos na Capital, mas pecam na hora de destinar recursos para melhorar a cidade. \u201cEstamos em um momento de pensar em Palmas. Nossos l\u00edderes precisam pensar e se preocupar com o povo de Palmas, de forma conjunta para avan\u00e7ar\u201d.<\/p>\n\n\n\n<p>A vereadora ainda ressalta avan\u00e7os que a atual gest\u00e3o alcan\u00e7ou, e conforme ela, muitas de forma silenciosa, como aprova\u00e7\u00e3o de financiamentos na C\u00e2mara Municipal, aprova\u00e7\u00e3o do or\u00e7amento anual, e a busca de parcerias para trazer recursos para Capital. \u201cEssa situa\u00e7\u00e3o de inc\u00f4modo por parte de l\u00edderes \u00e9 sinal que a prefeita est\u00e1 no caminho certo e ainda tem muito a se faze por Palmas nos pr\u00f3ximos anos\u201d, finalizou Laudecy.\n\n<\/p>\n","protected":false},"excerpt":{"rendered":"<p>Durante a sess\u00e3o ordin\u00e1ria dessa ter\u00e7a-feira, 18, a vereadora Laudecy Coimbra (SD) comentou a repercuss\u00e3o de boatos sobre composi\u00e7\u00f5es partid\u00e1rias da prefeita Cinthia Ribeiro para a pr\u00f3xima elei\u00e7\u00e3o, em 2020.&nbsp; A l\u00edder de Governo lembra o trabalho e os avan\u00e7os realizados pela prefeita, que quando assumiu a gest\u00e3o, ap\u00f3s ren\u00fancia do ex-prefeito Carlos Amastha, foi [&hellip;]<\/p>\n","protected":false},"author":2,"featured_media":3411,"comment_status":"open","ping_status":"open","sticky":false,"template":"","format":"standard","meta":[],"categories":[8,4],"tags":[],"_links":{"self":[{"href":"https:\/\/dgospel.com.br\/portal\/index.php\/wp-json\/wp\/v2\/posts\/3410"}],"collection":[{"href":"https:\/\/dgospel.com.br\/portal\/index.php\/wp-json\/wp\/v2\/posts"}],"about":[{"href":"https:\/\/dgospel.com.br\/portal\/index.php\/wp-json\/wp\/v2\/types\/post"}],"author":[{"embeddable":true,"href":"https:\/\/dgospel.com.br\/portal\/index.php\/wp-json\/wp\/v2\/users\/2"}],"replies":[{"embeddable":true,"href":"https:\/\/dgospel.com.br\/portal\/index.php\/wp-json\/wp\/v2\/comments?post=3410"}],"version-history":[{"count":1,"href":"https:\/\/dgospel.com.br\/portal\/index.php\/wp-json\/wp\/v2\/posts\/3410\/revisions"}],"predecessor-version":[{"id":3412,"href":"https:\/\/dgospel.com.br\/portal\/index.php\/wp-json\/wp\/v2\/posts\/3410\/revisions\/3412"}],"wp:featuredmedia":[{"embeddable":true,"href":"https:\/\/dgospel.com.br\/portal\/index.php\/wp-json\/wp\/v2\/media\/3411"}],"wp:attachment":[{"href":"https:\/\/dgospel.com.br\/portal\/index.php\/wp-json\/wp\/v2\/media?parent=3410"}],"wp:term":[{"taxonomy":"category","embeddable":true,"href":"https:\/\/dgospel.com.br\/portal\/index.php\/wp-json\/wp\/v2\/categories?post=3410"},{"taxonomy":"post_tag","embeddable":true,"href":"https:\/\/dgospel.com.br\/portal\/index.php\/wp-json\/wp\/v2\/tags?post=3410"}],"curies":[{"name":"wp","href":"https:\/\/api.w.org\/{rel}","templated":true}]}}