{"id":3413,"date":"2019-06-19T10:17:36","date_gmt":"2019-06-19T13:17:36","guid":{"rendered":"http:\/\/dgospel.com.br\/portal\/?p=3413"},"modified":"2019-06-19T10:17:38","modified_gmt":"2019-06-19T13:17:38","slug":"a-cidade-de-palmas-e-maior-que-os-interesses-politicos-individuais-de-todos-os-mandatarios-argumenta-rogerio-freitas","status":"publish","type":"post","link":"https:\/\/dgospel.com.br\/portal\/index.php\/2019\/06\/19\/a-cidade-de-palmas-e-maior-que-os-interesses-politicos-individuais-de-todos-os-mandatarios-argumenta-rogerio-freitas\/","title":{"rendered":"\u201cA cidade de Palmas \u00e9 maior que os interesses pol\u00edticos individuais de todos os mandat\u00e1rios\u201d argumenta Rog\u00e9rio Freitas"},"content":{"rendered":"\n<p>Na manh\u00e3 de ter\u00e7a feira, 18, o vereador Rog\u00e9rio Freitas (MDB) usou a tribuna para comentar sobre as poss\u00edveis composi\u00e7\u00f5es partid\u00e1rias da Prefeita de Palmas, que foram colocadas em pauta durante o final de semana.<\/p>\n\n\n\n<p>Conforme o parlamentar, ainda \u00e9 cedo para discutir as poss\u00edveis alian\u00e7as pol\u00edticas que ser\u00e3o feitas de 2020 \u201cN\u00f3s acabamos de deixar um per\u00edodo eleitoral, da esfera estadual e federal, h\u00e1 oito meses, e j\u00e1 querem antecipar o pleito de 2020. Palmas n\u00e3o suporta, n\u00e3o aguenta anteciparmos o projeto pol\u00edtico eleitoral em mais de um ano\u201d explicou.<br><\/p>\n\n\n\n<p>Freitas ressaltou que n\u00e3o \u00e9 poss\u00edvel fechar portas com candidaturas que ainda n\u00e3o est\u00e3o consolidadas, em detrimento da Capital. Caso isso ocorra, a cidade poderia ser prejudicada, visto que n\u00e3o seriam discutidos benef\u00edcios como emendas parlamentares, emendas de bancada e projetos relevantes, que s\u00e3o para bem comum da popula\u00e7\u00e3o.<br><\/p>\n\n\n\n<p>O vereador afirmou que caminhar\u00e1 junto ao seu partido, por\u00e9m sem prejudicar a Capital \u201cSou do MDB, acompanharei&nbsp;&nbsp;as decis\u00f5es partid\u00e1rias, mas n\u00e3o farei Palmas sangrar por mais de um ano e meio para poder resguardar o projeto de quem quer que seja. A cidade de Palmas \u00e9 maior que os interesses pol\u00edticos individuais de todos os mandat\u00e1rios, Palmas n\u00e3o \u00e9 um objeto a ser negociado\u201d finalizou.<br><\/p>\n\n\n\n<p>Foto: Aline Batis<\/p>\n","protected":false},"excerpt":{"rendered":"<p>Na manh\u00e3 de ter\u00e7a feira, 18, o vereador Rog\u00e9rio Freitas (MDB) usou a tribuna para comentar sobre as poss\u00edveis composi\u00e7\u00f5es partid\u00e1rias da Prefeita de Palmas, que foram colocadas em pauta durante o final de semana. Conforme o parlamentar, ainda \u00e9 cedo para discutir as poss\u00edveis alian\u00e7as pol\u00edticas que ser\u00e3o feitas de 2020 \u201cN\u00f3s acabamos de [&hellip;]<\/p>\n","protected":false},"author":2,"featured_media":3414,"comment_status":"open","ping_status":"open","sticky":false,"template":"","format":"standard","meta":[],"categories":[8],"tags":[],"_links":{"self":[{"href":"https:\/\/dgospel.com.br\/portal\/index.php\/wp-json\/wp\/v2\/posts\/3413"}],"collection":[{"href":"https:\/\/dgospel.com.br\/portal\/index.php\/wp-json\/wp\/v2\/posts"}],"about":[{"href":"https:\/\/dgospel.com.br\/portal\/index.php\/wp-json\/wp\/v2\/types\/post"}],"author":[{"embeddable":true,"href":"https:\/\/dgospel.com.br\/portal\/index.php\/wp-json\/wp\/v2\/users\/2"}],"replies":[{"embeddable":true,"href":"https:\/\/dgospel.com.br\/portal\/index.php\/wp-json\/wp\/v2\/comments?post=3413"}],"version-history":[{"count":1,"href":"https:\/\/dgospel.com.br\/portal\/index.php\/wp-json\/wp\/v2\/posts\/3413\/revisions"}],"predecessor-version":[{"id":3415,"href":"https:\/\/dgospel.com.br\/portal\/index.php\/wp-json\/wp\/v2\/posts\/3413\/revisions\/3415"}],"wp:featuredmedia":[{"embeddable":true,"href":"https:\/\/dgospel.com.br\/portal\/index.php\/wp-json\/wp\/v2\/media\/3414"}],"wp:attachment":[{"href":"https:\/\/dgospel.com.br\/portal\/index.php\/wp-json\/wp\/v2\/media?parent=3413"}],"wp:term":[{"taxonomy":"category","embeddable":true,"href":"https:\/\/dgospel.com.br\/portal\/index.php\/wp-json\/wp\/v2\/categories?post=3413"},{"taxonomy":"post_tag","embeddable":true,"href":"https:\/\/dgospel.com.br\/portal\/index.php\/wp-json\/wp\/v2\/tags?post=3413"}],"curies":[{"name":"wp","href":"https:\/\/api.w.org\/{rel}","templated":true}]}}