{"id":3416,"date":"2019-06-19T11:08:29","date_gmt":"2019-06-19T14:08:29","guid":{"rendered":"http:\/\/dgospel.com.br\/portal\/?p=3416"},"modified":"2019-06-19T11:08:30","modified_gmt":"2019-06-19T14:08:30","slug":"policia-civil-identifica-e-incinera-cerca-de-dez-mil-pes-de-maconha-no-tocantins","status":"publish","type":"post","link":"https:\/\/dgospel.com.br\/portal\/index.php\/2019\/06\/19\/policia-civil-identifica-e-incinera-cerca-de-dez-mil-pes-de-maconha-no-tocantins\/","title":{"rendered":"Pol\u00edcia Civil identifica e incinera cerca de dez mil p\u00e9s de maconha no Tocantins"},"content":{"rendered":"\n<p>A Pol\u00edcia Civil, por meio da Delegacia Especializada na Repress\u00e3o ao Narcotr\u00e1fico (Denarc), em parceria com o Centro Integrado de Opera\u00e7\u00f5es A\u00e9reas (Ciopaer) da Secretaria da Seguran\u00e7a P\u00fablica (SSP), e com o Grupo de Atua\u00e7\u00e3o Especial de Combate ao Crime Organizado (Gaeco), do Minist\u00e9rio P\u00fablico Estadual, deflagrou na manh\u00e3 desta ter\u00e7a-feira, 18, em Miranorte do Tocantins, a 107 quil\u00f4metros de Palmas, a Opera\u00e7\u00e3o Napalm, visando eliminar uma planta\u00e7\u00e3o de aproximadamente dez mil p\u00e9s de maconha. Durante a opera\u00e7\u00e3o, duas pessoas foram presas.<\/p>\n\n\n\n<p>Segundo o delegado Emerson Francisco de Moura, titular da Denarc, as investiga\u00e7\u00f5es tiveram in\u00edcio por meio de den\u00fancia an\u00f4nima de que o munic\u00edpio de Palmas estaria sendo abastecido de maconha de outras pra\u00e7as e n\u00e3o como rotineiramente, de Bras\u00edlia (DF) e Goi\u00e2nia (GO), mas, sim, do pr\u00f3prio estado, mais precisamente na cidade de Miranorte, regi\u00e3o Central do Estado. \u201c A partir dessa den\u00fancia, os agentes iniciaram as investiga\u00e7\u00f5es e buscaram localiza\u00e7\u00e3o a \u00e1rea onde a droga estaria sendo cultivada. Com isso, chegamos a essa lavoura localizada a aproximadamente 18 quil\u00f4metros do munic\u00edpio de Miranorte\u201d, ressaltou.<\/p>\n\n\n\n<p>Durante a opera\u00e7\u00e3o, os policiais encontraram mudas, vegeta\u00e7\u00e3o colhida e em processo de matura\u00e7\u00e3o, insumos e sementes. Para irrigar a planta\u00e7\u00e3o, o manejo era realizado por meio de encanamentos, cuja capta\u00e7\u00e3o da \u00e1gua se dava mediante um c\u00f3rrego que atravessa a propriedade. A Per\u00edcia Criminal esteve no local e identificou cerca de &nbsp;dez mil p\u00e9s de maconha. De acordo com a Denarc, o material foi incinerado ainda no local.<\/p>\n\n\n\n<p><strong>Heran\u00e7a<\/strong><\/p>\n\n\n\n<p>Segundo o delegado, a propriedade onde a droga estaria sendo cultivada \u00e9 resultado de uma heran\u00e7a familiar. As investiga\u00e7\u00f5es apontaram que o suspeito \u00e9 tamb\u00e9m propriet\u00e1rio da \u00e1rea, que chegou inclusive a se desentender com demais familiares no intuito de esconder a atividade criminosa. \u201cAt\u00e9 o momento, temos informa\u00e7\u00e3o de que apenas ele cultivava a maconha. Entretanto, temos a informa\u00e7\u00e3o de que outras pessoas tamb\u00e9m trabalhavam com ele, mas apenas na parte da entrega do produto, j\u00e1 processado para a comercializa\u00e7\u00e3o\u201d, afirmou.<\/p>\n\n\n\n<p>Ainda segundo o delegado, as investiga\u00e7\u00f5es ter\u00e3o seguimento para identificar mais pessoas que provavelmente estejam envolvidas na comercializa\u00e7\u00e3o da droga. Os dois suspeitos foram presos em flagrante e encaminhados para a Casa de Pris\u00e3o Provis\u00f3ria de Palmas e v\u00e3o responder pelos crimes de tr\u00e1fico e associa\u00e7\u00e3o para o tr\u00e1fico.<\/p>\n","protected":false},"excerpt":{"rendered":"<p>A Pol\u00edcia Civil, por meio da Delegacia Especializada na Repress\u00e3o ao Narcotr\u00e1fico (Denarc), em parceria com o Centro Integrado de Opera\u00e7\u00f5es A\u00e9reas (Ciopaer) da Secretaria da Seguran\u00e7a P\u00fablica (SSP), e com o Grupo de Atua\u00e7\u00e3o Especial de Combate ao Crime Organizado (Gaeco), do Minist\u00e9rio P\u00fablico Estadual, deflagrou na manh\u00e3 desta ter\u00e7a-feira, 18, em Miranorte do [&hellip;]<\/p>\n","protected":false},"author":2,"featured_media":3417,"comment_status":"open","ping_status":"open","sticky":false,"template":"","format":"standard","meta":[],"categories":[3],"tags":[],"_links":{"self":[{"href":"https:\/\/dgospel.com.br\/portal\/index.php\/wp-json\/wp\/v2\/posts\/3416"}],"collection":[{"href":"https:\/\/dgospel.com.br\/portal\/index.php\/wp-json\/wp\/v2\/posts"}],"about":[{"href":"https:\/\/dgospel.com.br\/portal\/index.php\/wp-json\/wp\/v2\/types\/post"}],"author":[{"embeddable":true,"href":"https:\/\/dgospel.com.br\/portal\/index.php\/wp-json\/wp\/v2\/users\/2"}],"replies":[{"embeddable":true,"href":"https:\/\/dgospel.com.br\/portal\/index.php\/wp-json\/wp\/v2\/comments?post=3416"}],"version-history":[{"count":1,"href":"https:\/\/dgospel.com.br\/portal\/index.php\/wp-json\/wp\/v2\/posts\/3416\/revisions"}],"predecessor-version":[{"id":3418,"href":"https:\/\/dgospel.com.br\/portal\/index.php\/wp-json\/wp\/v2\/posts\/3416\/revisions\/3418"}],"wp:featuredmedia":[{"embeddable":true,"href":"https:\/\/dgospel.com.br\/portal\/index.php\/wp-json\/wp\/v2\/media\/3417"}],"wp:attachment":[{"href":"https:\/\/dgospel.com.br\/portal\/index.php\/wp-json\/wp\/v2\/media?parent=3416"}],"wp:term":[{"taxonomy":"category","embeddable":true,"href":"https:\/\/dgospel.com.br\/portal\/index.php\/wp-json\/wp\/v2\/categories?post=3416"},{"taxonomy":"post_tag","embeddable":true,"href":"https:\/\/dgospel.com.br\/portal\/index.php\/wp-json\/wp\/v2\/tags?post=3416"}],"curies":[{"name":"wp","href":"https:\/\/api.w.org\/{rel}","templated":true}]}}