{"id":3422,"date":"2019-06-19T11:52:17","date_gmt":"2019-06-19T14:52:17","guid":{"rendered":"http:\/\/dgospel.com.br\/portal\/?p=3422"},"modified":"2019-06-19T11:52:19","modified_gmt":"2019-06-19T14:52:19","slug":"sao-paulo-sessao-solene-celebra-108-anos-da-assembleia-de-deus-no-brasil","status":"publish","type":"post","link":"https:\/\/dgospel.com.br\/portal\/index.php\/2019\/06\/19\/sao-paulo-sessao-solene-celebra-108-anos-da-assembleia-de-deus-no-brasil\/","title":{"rendered":"S\u00e3o Paulo: Sess\u00e3o solene celebra 108 anos da Assembleia de Deus no Brasil"},"content":{"rendered":"\n<p>A sess\u00e3o solene em homenagem ao Dia\nda Assembleia de Deus que completou 108 anos de funda\u00e7\u00e3o no Brasil foi proposta\ne presidida pelo deputado estadual e pastor Tenente Nascimento (PSL), na \u00faltima\nsexta-feira (14), na Assembleia Legislativa de S\u00e3o Paulo.<\/p>\n\n\n\n<figure class=\"wp-block-image\"><img loading=\"lazy\" width=\"998\" height=\"659\" src=\"http:\/\/dgospel.com.br\/portal\/wp-content\/uploads\/2019\/06\/publico-1.jpg\" alt=\"\" class=\"wp-image-3424\" srcset=\"https:\/\/dgospel.com.br\/portal\/wp-content\/uploads\/2019\/06\/publico-1.jpg 998w, https:\/\/dgospel.com.br\/portal\/wp-content\/uploads\/2019\/06\/publico-1-300x198.jpg 300w, https:\/\/dgospel.com.br\/portal\/wp-content\/uploads\/2019\/06\/publico-1-768x507.jpg 768w\" sizes=\"(max-width: 998px) 100vw, 998px\" \/><\/figure>\n\n\n\n<p>Autoridades pol\u00edticas e eclesi\u00e1sticas participaram da cerim\u00f4nia\nformando a mesa junto ao presidente, o deputado Federal Gilberto Nascimento\n(PSC), o vereador na capital paulista Gilberto Nascimento Junior (PSC), pastor\nAlcides F\u00e1varo, presidente da Assembleia de Deus Minist\u00e9rio no Ipiranga e da\nCOMOESPO \u2013 Conven\u00e7\u00e3o dos Ministros Ortodoxos das Assembleias de Deus no Estado\nde S\u00e3o Paulo e Outros, conven\u00e7\u00e3o ligada a CGADB, presidida pelo pastor Jos\u00e9\nWellington Bezerra da Costa Junior, tendo tamb\u00e9m como presidente de honra o\npastor Jos\u00e9 Wellington Bezerra da Costa, pastor Jos\u00e9 Leanti Pinto,\nvice-presidente da AD Ipiranga e COMOESPO, pastor Moacir Paula de Oliveira;\npresidente da Assembleia de Deus S\u00e3o Mateus e da COMADEPE, pastor Carlos\nRoberto Silva; presidente da Assembleia de Deus de Cubat\u00e3o e da COMADESPE,\npastor Moises Rodrigues; presidente da CIEADESPEL, al\u00e9m do Bispo Eduardo Bravo,\nrela\u00e7\u00f5es institucionais da Igreja Universal do Reino de Deus, que esteve\nrepresentando o bispo Edir Macedo.<\/p>\n\n\n\n<p>O deputado Nascimento ressaltou em sua fala que a Assembleia de\nDeus chega aos 108 anos no Brasil sendo uma igreja perseverante na promessa,\nmarchando e levando as \u201cboas novas\u201d de Cristo Jesus ao homem. Al\u00e9m disso,\ndestacou o papel preponderante na sociedade da igreja Assembleia de Deus\nMinist\u00e9rio no Ipiranga, que \u00e9 o terceiro maior minist\u00e9rio tradicional no\nBrasil, que por meio de um de seus fundadores pastor Alfredo Reikdal, sucedido\npelo pastor Alcides F\u00e1varo, ensinou e treinou pregadores, obreiros que foram\nenviados para miss\u00f5es, resgatando vidas atrav\u00e9s da palavra de Deus.<\/p>\n\n\n\n<p>Pessoas\nforam homenageadas na solenidade com uma placa denominada&nbsp;<em>\u201cHer\u00f3is da F\u00e9 da Atualidade\u201d<\/em>,\nentre elas, o pastor Alcides Favaro, pastor Jos\u00e9 Leanti Pinto, pastor Moises\nRodrigues, pastor Carlos Roberto Silva, pastor Moacir Paula de Oliveira, o\nDeputado Federal Gilberto Nascimento, o Presb\u00edtero Alberto Reikdal, filho do\npastor Alfredo Reikdal fundador do Minist\u00e9rio Ipiranga, o evangelista Dr.\nGeraldo Barbosa do Nascimento, e as mission\u00e1rias Dalva Alexandre Pinto e Dileam\nde Araujo Nascimento, da Assembleia de Deus Minist\u00e9rio no Ipiranga.<\/p>\n\n\n\n<p>Ap\u00f3s a entrega das placas, pastor Alcides F\u00e1varo atuou como orador\noficial da solene fazendo um relato hist\u00f3rico e b\u00edblico desde a funda\u00e7\u00e3o das\nAssembleias de Deus no Brasil. pastor Alcides pastoreia h\u00e1 49 anos, e h\u00e1 quase\nduas d\u00e9cadas preside o campo eclesi\u00e1stico da Assembleia de Deus Minist\u00e9rio no\nIpiranga e a COMOESPO &#8211; Conven\u00e7\u00e3o dos Ministros Ortodoxos das Assembleias de\nDeus no Estado de S\u00e3o Paulo e Outros.<\/p>\n\n\n\n<p>Um v\u00eddeo do presidente Jair Bolsonaro ao lado dos parlamentares\nGilberto Nascimento e pastor Marcos Feliciano foi exibido durante a cerim\u00f4nia,\nonde ele deixou um recado parabenizando a iniciativa do Deputado Tenente\nNascimento pela solenidade e tamb\u00e9m ao pastor Alcides F\u00e1varo pelos 108 anos da\nAssembleia de Deus no Brasil, que em sua trajet\u00f3ria atua em favor da fam\u00edlia\npregando contra o aborto, as drogas e a ideologia de g\u00eanero, preservando assim\na fam\u00edlia.&nbsp; Ap\u00f3s a exibi\u00e7\u00e3o do v\u00eddeo o deputado Nascimento convocou a\ntodos para intercederem em ora\u00e7\u00f5es a favor da na\u00e7\u00e3o e do presidente Jair\nBolsonaro.<\/p>\n\n\n\n<p>O evento contou com a participa\u00e7\u00e3o\ndo cantor gospel mirim Kaw\u00ea Santos, do coral Madrigal regido pela maestrina\nirm\u00e3 Jacilda, do&nbsp; coral de mulheres do circulo de Ora\u00e7\u00e3o do setor\nCarapicu\u00edba, al\u00e9m da orquestra&nbsp;<em>UMADI\n\u2013 Uni\u00e3o dos M\u00fasicos da Assembleia de Deus no Ipiranga<\/em>, que foi\nregida por Romis Bufolim. No final da cerim\u00f4nia, para a surpresa de todos, \u00e1\nbatuta da orquestra foi entregue ao Deputado Tenente Nascimento, que deixou a\npresid\u00eancia da mesa e revelou o seu talento como maestro regendo o hino 525 da\nharpa crist\u00e3&nbsp;<em>\u201cVencendo vem Jesus\u201d.<\/em><\/p>\n\n\n\n<p>Estiveram presentes no evento: Assembleia de Deus Minist\u00e9rio no\nIpiranga: pastor Luiz Fernandes de Oliveira (2\u00ba vice-presidente), pastor Daniel\nVieira Chagas (3\u00ba vice-presidente e pastor setorial de Itapevi), pastor Jos\u00e9\nLima Ribeiro (Zito) (4\u00ba vice-presidente), pastor Nilton da Silva\n(pastor-adjunto sede Ipiranga), pastor Edmar Ribeiro (pastor-adjunto sede\nIpiranga), pastor Andr\u00e9 Ribeiro (pastor setorial Botucatu), pastor Thiago\nChagas (Vila Dirce Carapicu\u00edba), pastor Glauco (Tatu\u00ed), pastor Leomar\n(Heli\u00f3polis), pastor Olivar (setorial Jabaquara), pastor Silas Almeida (Vila Ema),\npastor. Jurandir Guirra (setorial Vila Primavera), pastor Vanderlei Tadeu\n(Comandante Sampaio-Osasco), pastor Antoniel (Vila Brasilina), pastor Jo\u00e3o\nTavares (Praia Grande) e pasto. Jos\u00e9 Lima Ribeiro (setorial de Len\u00e7\u00f3is\nPaulista). Assembleia de Deus Parque S\u00e3o Rafel (vice-presidente pastor Wagner\nFerraz Ara\u00fajo), Assembleia de Deus Casa Verde (pastor presidente Alexandre\nMaximiano de S\u00e1 e pastor vice-presidente Jair Le\u00e3o, e 1\u00ba vice-presidente pastor\nSergio Fernandez), Assembleia de Deus El-Shaday Brasil\u00e2ndia (pastor presidente\nElon Fernando de Ara\u00fajo Mello e o vice-presidente pastor En\u00e9as Guilherme de\nAra\u00fajo Mello), Assembleia de Deus S\u00e3o Mateus (pastor Alexandro Basto e pastor\nJo\u00e3o Jesus Balbino da COMADEP), Igreja Quadrangular (pastor Rico), pastor Marcos\nFreitas da COMADERG.<\/p>\n","protected":false},"excerpt":{"rendered":"<p>A sess\u00e3o solene em homenagem ao Dia da Assembleia de Deus que completou 108 anos de funda\u00e7\u00e3o no Brasil foi proposta e presidida pelo deputado estadual e pastor Tenente Nascimento (PSL), na \u00faltima sexta-feira (14), na Assembleia Legislativa de S\u00e3o Paulo. Autoridades pol\u00edticas e eclesi\u00e1sticas participaram da cerim\u00f4nia formando a mesa junto ao presidente, o [&hellip;]<\/p>\n","protected":false},"author":2,"featured_media":3423,"comment_status":"open","ping_status":"open","sticky":false,"template":"","format":"standard","meta":[],"categories":[5],"tags":[],"_links":{"self":[{"href":"https:\/\/dgospel.com.br\/portal\/index.php\/wp-json\/wp\/v2\/posts\/3422"}],"collection":[{"href":"https:\/\/dgospel.com.br\/portal\/index.php\/wp-json\/wp\/v2\/posts"}],"about":[{"href":"https:\/\/dgospel.com.br\/portal\/index.php\/wp-json\/wp\/v2\/types\/post"}],"author":[{"embeddable":true,"href":"https:\/\/dgospel.com.br\/portal\/index.php\/wp-json\/wp\/v2\/users\/2"}],"replies":[{"embeddable":true,"href":"https:\/\/dgospel.com.br\/portal\/index.php\/wp-json\/wp\/v2\/comments?post=3422"}],"version-history":[{"count":1,"href":"https:\/\/dgospel.com.br\/portal\/index.php\/wp-json\/wp\/v2\/posts\/3422\/revisions"}],"predecessor-version":[{"id":3425,"href":"https:\/\/dgospel.com.br\/portal\/index.php\/wp-json\/wp\/v2\/posts\/3422\/revisions\/3425"}],"wp:featuredmedia":[{"embeddable":true,"href":"https:\/\/dgospel.com.br\/portal\/index.php\/wp-json\/wp\/v2\/media\/3423"}],"wp:attachment":[{"href":"https:\/\/dgospel.com.br\/portal\/index.php\/wp-json\/wp\/v2\/media?parent=3422"}],"wp:term":[{"taxonomy":"category","embeddable":true,"href":"https:\/\/dgospel.com.br\/portal\/index.php\/wp-json\/wp\/v2\/categories?post=3422"},{"taxonomy":"post_tag","embeddable":true,"href":"https:\/\/dgospel.com.br\/portal\/index.php\/wp-json\/wp\/v2\/tags?post=3422"}],"curies":[{"name":"wp","href":"https:\/\/api.w.org\/{rel}","templated":true}]}}