{"id":3431,"date":"2019-06-24T10:24:38","date_gmt":"2019-06-24T13:24:38","guid":{"rendered":"http:\/\/dgospel.com.br\/portal\/?p=3431"},"modified":"2019-06-24T10:24:44","modified_gmt":"2019-06-24T13:24:44","slug":"mais-de-200-lideres-cristaos-se-unem-pela-liberdade-religiosa-na-coreia-do-norte","status":"publish","type":"post","link":"https:\/\/dgospel.com.br\/portal\/index.php\/2019\/06\/24\/mais-de-200-lideres-cristaos-se-unem-pela-liberdade-religiosa-na-coreia-do-norte\/","title":{"rendered":"Mais de 200 l\u00edderes crist\u00e3os se unem pela liberdade religiosa na Coreia do Norte"},"content":{"rendered":"\n<p>Mais de 200 l\u00edderes e ativistas de direitos humanos participaram da abertura da Coaliz\u00e3o Internacional pela Liberdade Religiosa na Coreia do Norte, realizada em 14 de junho em Seul.<\/p>\n\n\n\n<p>A associa\u00e7\u00e3o tem entre seus membros Thae Yong-ho, que trabalhava em Londres (Reino Unido) como diplomata de alto escal\u00e3o do regime norte-coreano, at\u00e9 que ele desertou para a Coreia do Sul em 2016.<\/p>\n\n\n\n<p>O pastor&nbsp;<strong><a href=\"https:\/\/guiame.com.br\/gospel\/missoes-acao-social\/para-eles-o-cristianismo-e-um-virus-diz-missionario-que-foi-preso-na-coreia-do-norte.html\">Kenneth Bae<\/a><\/strong>, preso na Coreia do Norte entre 2012 e 2014, acusado \u200b\u200bde subvers\u00e3o, tamb\u00e9m faz parte desse novo esfor\u00e7o.<\/p>\n\n\n\n<p>A coaliz\u00e3o foi formada para promover o avan\u00e7o da liberdade religiosa na&nbsp;<strong><a href=\"https:\/\/guiame.com.br\/gospel\/missoes-acao-social\/saiba-quais-sao-os-50-paises-que-mais-perseguiram-cristaos-em-2018.html\">Coreia do Norte<\/a><\/strong>, o regime pol\u00edtico mais restritivo do mundo, um pa\u00eds que continua sendo o n\u00famero um da lista de observa\u00e7\u00e3o do Portas Abertas.<\/p>\n\n\n\n<p>No evento de abertura, Thae Yong-ho disse que o regime do&nbsp;<strong><a href=\"https:\/\/guiame.com.br\/gospel\/missoes-acao-social\/portas-abertas-dos-eua-comenta-encontro-de-trump-e-kim-jong-un-surgiu-uma-esperanca.html\">ditador Kim Jong-un<\/a><\/strong>&nbsp;busca a \u201caniquila\u00e7\u00e3o\u201d das religi\u00f5es. \u00c9 por isso que o ex-diplomata defende que o primeiro passo para a reunifica\u00e7\u00e3o da Coreia do Sul e do Norte deve ser um compromisso com a liberdade religiosa.<\/p>\n\n\n\n<p>Thae disse que a constru\u00e7\u00e3o de uma ou duas igrejas crist\u00e3s nos pr\u00f3ximos 10 anos seria um primeiro sinal positivo de abertura do regime comunista.<\/p>\n\n\n\n<p>O mission\u00e1rio Kennet Bae disse que a Coreia do Norte teme o crescimento do cristianismo mais do que qualquer arma nuclear dos EUA.<\/p>\n\n\n\n<p>Ele tamb\u00e9m chamou o presidente sul-coreano Moon Jae-in e o presidente dos Estados Unidos, Donald Trump, para incluir a liberdade religiosa na agenda de futuras c\u00fapulas com o l\u00edder norte-coreano.<\/p>\n\n\n\n<p>A organiza\u00e7\u00e3o International Christian Concern comemorou o nascimento da nova associa\u00e7\u00e3o.<\/p>\n\n\n\n<p>\u201cA Coreia do Norte \u00e9 consistentemente classificada como o pa\u00eds mais dif\u00edcil para os crist\u00e3os viverem. N\u00e3o se sabe exatamente quantos crist\u00e3os existem dentro do pa\u00eds (&#8230;) Entretanto, o hist\u00f3rico de direitos humanos da Coreia do Norte \u00e9 motivo de grande preocupa\u00e7\u00e3o e \u00e9 provavelmente muito pior do que se sabe\u201d, disse o grupo.<\/p>\n\n\n\n<p>\n\nFONTE: GUIAME, COM INFORMA\u00c7\u00d5ES DO EVANGELICAL FOCUS\n\n<\/p>\n","protected":false},"excerpt":{"rendered":"<p>Mais de 200 l\u00edderes e ativistas de direitos humanos participaram da abertura da Coaliz\u00e3o Internacional pela Liberdade Religiosa na Coreia do Norte, realizada em 14 de junho em Seul. A associa\u00e7\u00e3o tem entre seus membros Thae Yong-ho, que trabalhava em Londres (Reino Unido) como diplomata de alto escal\u00e3o do regime norte-coreano, at\u00e9 que ele desertou [&hellip;]<\/p>\n","protected":false},"author":2,"featured_media":3432,"comment_status":"open","ping_status":"open","sticky":false,"template":"","format":"standard","meta":[],"categories":[5,1],"tags":[],"_links":{"self":[{"href":"https:\/\/dgospel.com.br\/portal\/index.php\/wp-json\/wp\/v2\/posts\/3431"}],"collection":[{"href":"https:\/\/dgospel.com.br\/portal\/index.php\/wp-json\/wp\/v2\/posts"}],"about":[{"href":"https:\/\/dgospel.com.br\/portal\/index.php\/wp-json\/wp\/v2\/types\/post"}],"author":[{"embeddable":true,"href":"https:\/\/dgospel.com.br\/portal\/index.php\/wp-json\/wp\/v2\/users\/2"}],"replies":[{"embeddable":true,"href":"https:\/\/dgospel.com.br\/portal\/index.php\/wp-json\/wp\/v2\/comments?post=3431"}],"version-history":[{"count":1,"href":"https:\/\/dgospel.com.br\/portal\/index.php\/wp-json\/wp\/v2\/posts\/3431\/revisions"}],"predecessor-version":[{"id":3433,"href":"https:\/\/dgospel.com.br\/portal\/index.php\/wp-json\/wp\/v2\/posts\/3431\/revisions\/3433"}],"wp:featuredmedia":[{"embeddable":true,"href":"https:\/\/dgospel.com.br\/portal\/index.php\/wp-json\/wp\/v2\/media\/3432"}],"wp:attachment":[{"href":"https:\/\/dgospel.com.br\/portal\/index.php\/wp-json\/wp\/v2\/media?parent=3431"}],"wp:term":[{"taxonomy":"category","embeddable":true,"href":"https:\/\/dgospel.com.br\/portal\/index.php\/wp-json\/wp\/v2\/categories?post=3431"},{"taxonomy":"post_tag","embeddable":true,"href":"https:\/\/dgospel.com.br\/portal\/index.php\/wp-json\/wp\/v2\/tags?post=3431"}],"curies":[{"name":"wp","href":"https:\/\/api.w.org\/{rel}","templated":true}]}}