{"id":3445,"date":"2019-06-24T12:30:27","date_gmt":"2019-06-24T15:30:27","guid":{"rendered":"http:\/\/dgospel.com.br\/portal\/?p=3445"},"modified":"2019-06-24T12:30:31","modified_gmt":"2019-06-24T15:30:31","slug":"pesquisa-indica-que-numero-de-nao-religiosos-cresce-no-mundo-arabe","status":"publish","type":"post","link":"https:\/\/dgospel.com.br\/portal\/index.php\/2019\/06\/24\/pesquisa-indica-que-numero-de-nao-religiosos-cresce-no-mundo-arabe\/","title":{"rendered":"Pesquisa indica que n\u00famero de n\u00e3o-religiosos cresce no mundo \u00e1rabe"},"content":{"rendered":"\n<p>Os \u00e1rabes est\u00e3o dizendo que s\u00e3o cada vez mais menos religiosos, de acordo com a maior e mais profunda pesquisa realizada no Oriente M\u00e9dio e Norte da \u00c1frica.<\/p>\n\n\n\n<p>Esta \u00e9 uma das constata\u00e7\u00f5es do levantamento sobre como os \u00e1rabes se sentem em rela\u00e7\u00e3o a uma s\u00e9rie de quest\u00f5es &#8211; incluindo direito das mulheres, migra\u00e7\u00e3o, seguran\u00e7a e sexualidade.<\/p>\n\n\n\n<p>Mais de 25 mil pessoas foram entrevistadas para o estudo &#8211; conduzido pela rede de pesquisa Arab Barometer a pedido da BBC News Arabic, servi\u00e7o \u00e1rabe da BBC &#8211; em 10 pa\u00edses e territ\u00f3rios palestinos entre o fim de 2018 e a primavera de 2019.<\/p>\n\n\n\n<p><\/p>\n\n\n\n<figure class=\"wp-block-image\"><img loading=\"lazy\" width=\"1000\" height=\"878\" src=\"http:\/\/dgospel.com.br\/portal\/wp-content\/uploads\/2019\/06\/ascensao.jpg\" alt=\"\" class=\"wp-image-3446\" srcset=\"https:\/\/dgospel.com.br\/portal\/wp-content\/uploads\/2019\/06\/ascensao.jpg 1000w, https:\/\/dgospel.com.br\/portal\/wp-content\/uploads\/2019\/06\/ascensao-300x263.jpg 300w, https:\/\/dgospel.com.br\/portal\/wp-content\/uploads\/2019\/06\/ascensao-768x674.jpg 768w\" sizes=\"(max-width: 1000px) 100vw, 1000px\" \/><\/figure>\n\n\n\n<p>Confira abaixo os principais resultados:<\/p>\n\n\n\n<p>Desde 2013, o n\u00famero de pessoas em toda a regi\u00e3o que se identifica como &#8220;n\u00e3o religiosa&#8221; subiu de 8% para 13%. O aumento \u00e9 maior entre aqueles que t\u00eam menos de 30 anos, entre os quais 18% se identificam como n\u00e3o-religiosos, de acordo com a pesquisa.<\/p>\n\n\n\n<p>Apenas o I\u00eamen apresentou queda nessa categoria.<\/p>\n\n\n\n<h2>Mulheres<\/h2>\n\n\n\n<p><\/p>\n\n\n\n<figure class=\"wp-block-image\"><img loading=\"lazy\" width=\"1000\" height=\"956\" src=\"http:\/\/dgospel.com.br\/portal\/wp-content\/uploads\/2019\/06\/mulheres24.jpg\" alt=\"\" class=\"wp-image-3447\" srcset=\"https:\/\/dgospel.com.br\/portal\/wp-content\/uploads\/2019\/06\/mulheres24.jpg 1000w, https:\/\/dgospel.com.br\/portal\/wp-content\/uploads\/2019\/06\/mulheres24-300x287.jpg 300w, https:\/\/dgospel.com.br\/portal\/wp-content\/uploads\/2019\/06\/mulheres24-768x734.jpg 768w\" sizes=\"(max-width: 1000px) 100vw, 1000px\" \/><\/figure>\n\n\n\n<p>A maioria das pessoas da regi\u00e3o apoia o direito de uma mulher se tornar primeira-ministra ou presidente. A exce\u00e7\u00e3o foi a Arg\u00e9lia, onde menos de 50% dos entrevistados concordaram que era aceit\u00e1vel ter uma mulher chefe de Estado.<\/p>\n\n\n\n<p>Mas quando se trata da vida dom\u00e9stica, a maioria &#8211; incluindo a maior parte das mulheres &#8211; acredita que os maridos devem ter sempre a palavra final nas decis\u00f5es familiares. Apenas no Marrocos menos da metade da popula\u00e7\u00e3o acha que o marido deve tomar sempre a decis\u00e3o final.<\/p>\n\n\n\n<p>A aceita\u00e7\u00e3o da homossexualidade varia, mas \u00e9 baixa ou extremamente baixa em toda a regi\u00e3o. Mesmo no L\u00edbano, que tem a reputa\u00e7\u00e3o de ser mais socialmente liberal do que os pa\u00edses vizinhos, esse percentual \u00e9 de 6%.<\/p>\n\n\n\n<p>O assassinato pela honra \u00e9 quando os parentes matam um membro da fam\u00edlia, geralmente uma mulher, por ter supostamente manchado a honra da fam\u00edlia.<\/p>\n\n\n\n<p><\/p>\n\n\n\n<figure class=\"wp-block-image\"><img loading=\"lazy\" width=\"1000\" height=\"761\" src=\"http:\/\/dgospel.com.br\/portal\/wp-content\/uploads\/2019\/06\/honra.jpg\" alt=\"\" class=\"wp-image-3448\" srcset=\"https:\/\/dgospel.com.br\/portal\/wp-content\/uploads\/2019\/06\/honra.jpg 1000w, https:\/\/dgospel.com.br\/portal\/wp-content\/uploads\/2019\/06\/honra-300x228.jpg 300w, https:\/\/dgospel.com.br\/portal\/wp-content\/uploads\/2019\/06\/honra-768x584.jpg 768w\" sizes=\"(max-width: 1000px) 100vw, 1000px\" \/><\/figure>\n\n\n\n<h2>L\u00edderes<\/h2>\n\n\n\n<p>Todas as regi\u00f5es pesquisadas avaliaram as pol\u00edticas do presidente dos EUA, Donald Trump, no Oriente M\u00e9dio como menos positiva do que a de seus hom\u00f3logos russo, Vladimir Putin, e turco, Recep Tayyip Erdogan.<\/p>\n\n\n\n<p>Em contrapartida, em sete dos 11 locais pesquisados, pelo menos metade da popula\u00e7\u00e3o aprovava a abordagem de Erdogan.<\/p>\n\n\n\n<p>J\u00e1 o L\u00edbano, a L\u00edbia e o Egito classificaram as pol\u00edticas de Putin como melhores do que as de Erdogan.<\/p>\n\n\n\n<h2>Maior amea\u00e7a<\/h2>\n\n\n\n<p><\/p>\n\n\n\n<figure class=\"wp-block-image\"><img loading=\"lazy\" width=\"659\" height=\"1024\" src=\"http:\/\/dgospel.com.br\/portal\/wp-content\/uploads\/2019\/06\/ameacas2-659x1024.jpg\" alt=\"\" class=\"wp-image-3449\" srcset=\"https:\/\/dgospel.com.br\/portal\/wp-content\/uploads\/2019\/06\/ameacas2-659x1024.jpg 659w, https:\/\/dgospel.com.br\/portal\/wp-content\/uploads\/2019\/06\/ameacas2-193x300.jpg 193w, https:\/\/dgospel.com.br\/portal\/wp-content\/uploads\/2019\/06\/ameacas2-768x1193.jpg 768w, https:\/\/dgospel.com.br\/portal\/wp-content\/uploads\/2019\/06\/ameacas2.jpg 1000w\" sizes=\"(max-width: 659px) 100vw, 659px\" \/><\/figure>\n\n\n\n<p>A seguran\u00e7a continua sendo uma preocupa\u00e7\u00e3o para muitos no Oriente M\u00e9dio e no Norte da \u00c1frica. Quando questionados sobre que pa\u00edses representam a maior amea\u00e7a \u00e0 sua estabilidade e seguran\u00e7a nacional, depois de Israel, os EUA foram identificados como a segunda maior amea\u00e7a na regi\u00e3o como um todo, e o Ir\u00e3 ficou em terceiro lugar.<\/p>\n\n\n\n<figure><iframe width=\"970\" height=\"150\"><\/iframe><\/figure>\n\n\n\n<p>Os totais de cada pa\u00eds nem sempre somam 100 porque &#8220;n\u00e3o sei&#8221; e &#8220;se recusaram a responder&#8221; n\u00e3o foram inclu\u00eddos.<\/p>\n\n\n\n<h2>Migra\u00e7\u00e3o<\/h2>\n\n\n\n<p>Em todas as regi\u00f5es pesquisadas, o estudo sugere que pelo menos uma em cada cinco pessoas estava pensando em emigrar. No Sud\u00e3o, esse percentual correspondia \u00e0 metade da popula\u00e7\u00e3o.<\/p>\n\n\n\n<p>Raz\u00f5es de natureza econ\u00f4mica foram predominantemente citadas como fator determinante.<\/p>\n\n\n\n<p>Os entrevistados podiam escolher mais de uma op\u00e7\u00e3o. Se voc\u00ea n\u00e3o conseguir visualizar o gr\u00e1fico acima, clique aqui para iniciar o conte\u00fado interativo.<\/p>\n\n\n\n<p>O n\u00famero de pessoas que consideram partir para a Am\u00e9rica do Norte aumentou e, embora a Europa seja menos popular do que era, continua sendo a melhor op\u00e7\u00e3o para quem pensa em deixar a regi\u00e3o.<\/p>\n\n\n\n<p><\/p>\n\n\n\n<figure class=\"wp-block-image\"><img loading=\"lazy\" width=\"1000\" height=\"920\" src=\"http:\/\/dgospel.com.br\/portal\/wp-content\/uploads\/2019\/06\/emigrar.jpg\" alt=\"\" class=\"wp-image-3450\" srcset=\"https:\/\/dgospel.com.br\/portal\/wp-content\/uploads\/2019\/06\/emigrar.jpg 1000w, https:\/\/dgospel.com.br\/portal\/wp-content\/uploads\/2019\/06\/emigrar-300x276.jpg 300w, https:\/\/dgospel.com.br\/portal\/wp-content\/uploads\/2019\/06\/emigrar-768x707.jpg 768w\" sizes=\"(max-width: 1000px) 100vw, 1000px\" \/><\/figure>\n\n\n\n<h2>Metodologia<\/h2>\n\n\n\n<p>O estudo foi realizado pela rede de pesquisa Arab Barometer, que entrevistou 25.407 pessoas pessoalmente em 10 pa\u00edses e territ\u00f3rios palestinos. O Arab Barometer \u00e9 uma rede de pesquisa baseada na Universidade de Princeton, nos EUA. O instituto realiza pesquisas como esta desde 2006.<\/p>\n\n\n\n<p>Com dura\u00e7\u00e3o de 45 minutos, as entrevistas, realizadas em grande parte com tablets, foram conduzidas pelos pesquisadores em espa\u00e7os privados.<\/p>\n\n\n\n<p>A pesquisa \u00e9 sobre a opini\u00e3o do mundo \u00e1rabe, ent\u00e3o n\u00e3o inclui o Ir\u00e3 ou Israel, embora contemple os territ\u00f3rios palestinos. A maioria dos pa\u00edses da regi\u00e3o est\u00e1 inclu\u00edda, mas v\u00e1rios governos do Golfo P\u00e9rsico se recusaram a dar acesso total e imparcial \u00e0 pesquisa. Os resultados do Kuwait chegaram tarde demais para serem inclu\u00eddos na cobertura da BBC em \u00e1rabe. A S\u00edria n\u00e3o p\u00f4de ser inclu\u00edda devido \u00e0 dificuldade de acesso.<\/p>\n\n\n\n<figure><iframe width=\"970\" height=\"150\"><\/iframe><\/figure>\n\n\n\n<p>Por raz\u00f5es legais e culturais, alguns pa\u00edses pediram para pular algumas perguntas. Essas exclus\u00f5es s\u00e3o levadas em conta na hora de expressar os resultados, com as limita\u00e7\u00f5es claramente apresentadas.<\/p>\n\n\n\n<p>Voc\u00ea pode encontrar mais detalhes sobre a metodologia no site do Arab Barometer.<\/p>\n\n\n\n<p>Fonte: <strong>BBC<\/strong><\/p>\n","protected":false},"excerpt":{"rendered":"<p>Os \u00e1rabes est\u00e3o dizendo que s\u00e3o cada vez mais menos religiosos, de acordo com a maior e mais profunda pesquisa realizada no Oriente M\u00e9dio e Norte da \u00c1frica. Esta \u00e9 uma das constata\u00e7\u00f5es do levantamento sobre como os \u00e1rabes se sentem em rela\u00e7\u00e3o a uma s\u00e9rie de quest\u00f5es &#8211; incluindo direito das mulheres, migra\u00e7\u00e3o, seguran\u00e7a [&hellip;]<\/p>\n","protected":false},"author":2,"featured_media":3451,"comment_status":"open","ping_status":"open","sticky":false,"template":"","format":"standard","meta":[],"categories":[5,1],"tags":[],"_links":{"self":[{"href":"https:\/\/dgospel.com.br\/portal\/index.php\/wp-json\/wp\/v2\/posts\/3445"}],"collection":[{"href":"https:\/\/dgospel.com.br\/portal\/index.php\/wp-json\/wp\/v2\/posts"}],"about":[{"href":"https:\/\/dgospel.com.br\/portal\/index.php\/wp-json\/wp\/v2\/types\/post"}],"author":[{"embeddable":true,"href":"https:\/\/dgospel.com.br\/portal\/index.php\/wp-json\/wp\/v2\/users\/2"}],"replies":[{"embeddable":true,"href":"https:\/\/dgospel.com.br\/portal\/index.php\/wp-json\/wp\/v2\/comments?post=3445"}],"version-history":[{"count":1,"href":"https:\/\/dgospel.com.br\/portal\/index.php\/wp-json\/wp\/v2\/posts\/3445\/revisions"}],"predecessor-version":[{"id":3452,"href":"https:\/\/dgospel.com.br\/portal\/index.php\/wp-json\/wp\/v2\/posts\/3445\/revisions\/3452"}],"wp:featuredmedia":[{"embeddable":true,"href":"https:\/\/dgospel.com.br\/portal\/index.php\/wp-json\/wp\/v2\/media\/3451"}],"wp:attachment":[{"href":"https:\/\/dgospel.com.br\/portal\/index.php\/wp-json\/wp\/v2\/media?parent=3445"}],"wp:term":[{"taxonomy":"category","embeddable":true,"href":"https:\/\/dgospel.com.br\/portal\/index.php\/wp-json\/wp\/v2\/categories?post=3445"},{"taxonomy":"post_tag","embeddable":true,"href":"https:\/\/dgospel.com.br\/portal\/index.php\/wp-json\/wp\/v2\/tags?post=3445"}],"curies":[{"name":"wp","href":"https:\/\/api.w.org\/{rel}","templated":true}]}}