{"id":3459,"date":"2019-06-26T09:21:45","date_gmt":"2019-06-26T12:21:45","guid":{"rendered":"http:\/\/dgospel.com.br\/portal\/?p=3459"},"modified":"2019-06-26T09:21:48","modified_gmt":"2019-06-26T12:21:48","slug":"tocantins-teve-quase-630-veiculos-furtados-ou-roubados-nos-tres-primeiros-meses-deste-ano","status":"publish","type":"post","link":"https:\/\/dgospel.com.br\/portal\/index.php\/2019\/06\/26\/tocantins-teve-quase-630-veiculos-furtados-ou-roubados-nos-tres-primeiros-meses-deste-ano\/","title":{"rendered":"Tocantins teve quase 630 ve\u00edculos furtados ou roubados nos tr\u00eas primeiros meses deste ano"},"content":{"rendered":"\n<p>S\u00f3 no primeiro trimestre deste ano a pol\u00edcia registrou quase 630 casos de roubos ou furtos de ve\u00edculos no Tocantins. No mesmo per\u00edodo, foram localizados e recuperados 267, ou seja, menos da metade. Os dados s\u00e3o da Secretaria de Seguran\u00e7a P\u00fablica (SSP).<\/p>\n\n\n\n<p>Um funcion\u00e1rio do Hospital Geral de Palmas, conta que a moto dele foi furtada recentemente. Por medo, ele pediu para n\u00e3o ser identificado. &#8220;Eu usava muito a moto pra ir pro servi\u00e7o, eu trabalho l\u00e1, trabalho em outro emprego, levo minha esposa pra faculdade. Ent\u00e3o eu dependia totalmente da moto [sic]&#8221;, afirma.<\/p>\n\n\n\n<p>O vidraceiro Guilherme Alves tamb\u00e9m foi uma v\u00edtima e hoje est\u00e1 no preju\u00edzo. O carro da fam\u00edlia foi furtado em frente \u00e0 casa dele. &#8220;Tirou praticamente as minhas pernas. Eu estou sem ve\u00edculo, n\u00e3o tenho como trabalhar, o vidro \u00e9 muito dif\u00edcil de carregar em moto. \u00c9 s\u00f3 de carro que tem jeito&#8221;, conta.<\/p>\n\n\n\n<p>O delegado Anderson Cas\u00e9 explicou que h\u00e1 formas de se precaver e evitar ser uma v\u00edtima f\u00e1cil. &#8220;Tem que evitar parar o ve\u00edculo em locais de pouca luminosidade, tentar estacionar em um local com mais seguran\u00e7a, n\u00e3o ficar dentro do ve\u00edculo. Se cercar com os cuidados para evitar esse tipo de delito&#8221;, diz.<\/p>\n\n\n\n<p>\n\nQuem passou pela situa\u00e7\u00e3o e ainda espera pela recupera\u00e7\u00e3o do ve\u00edculo, cobra mais seguran\u00e7a. &#8220;Voc\u00ea sai para trabalhar, n\u00e3o sabe se volta, voc\u00ea deixa o ve\u00edculo e n\u00e3o sabe se vai estar l\u00e1 quando voltar, deixa sua casa e n\u00e3o sabe se vai ter algu\u00e9m l\u00e1 dentro&#8221;.\n\n<\/p>\n\n\n\n<p>Fonte: <strong>G1 Tocantins<\/strong><\/p>\n","protected":false},"excerpt":{"rendered":"<p>S\u00f3 no primeiro trimestre deste ano a pol\u00edcia registrou quase 630 casos de roubos ou furtos de ve\u00edculos no Tocantins. No mesmo per\u00edodo, foram localizados e recuperados 267, ou seja, menos da metade. Os dados s\u00e3o da Secretaria de Seguran\u00e7a P\u00fablica (SSP). Um funcion\u00e1rio do Hospital Geral de Palmas, conta que a moto dele foi [&hellip;]<\/p>\n","protected":false},"author":2,"featured_media":3460,"comment_status":"open","ping_status":"open","sticky":false,"template":"","format":"standard","meta":[],"categories":[3],"tags":[],"_links":{"self":[{"href":"https:\/\/dgospel.com.br\/portal\/index.php\/wp-json\/wp\/v2\/posts\/3459"}],"collection":[{"href":"https:\/\/dgospel.com.br\/portal\/index.php\/wp-json\/wp\/v2\/posts"}],"about":[{"href":"https:\/\/dgospel.com.br\/portal\/index.php\/wp-json\/wp\/v2\/types\/post"}],"author":[{"embeddable":true,"href":"https:\/\/dgospel.com.br\/portal\/index.php\/wp-json\/wp\/v2\/users\/2"}],"replies":[{"embeddable":true,"href":"https:\/\/dgospel.com.br\/portal\/index.php\/wp-json\/wp\/v2\/comments?post=3459"}],"version-history":[{"count":1,"href":"https:\/\/dgospel.com.br\/portal\/index.php\/wp-json\/wp\/v2\/posts\/3459\/revisions"}],"predecessor-version":[{"id":3461,"href":"https:\/\/dgospel.com.br\/portal\/index.php\/wp-json\/wp\/v2\/posts\/3459\/revisions\/3461"}],"wp:featuredmedia":[{"embeddable":true,"href":"https:\/\/dgospel.com.br\/portal\/index.php\/wp-json\/wp\/v2\/media\/3460"}],"wp:attachment":[{"href":"https:\/\/dgospel.com.br\/portal\/index.php\/wp-json\/wp\/v2\/media?parent=3459"}],"wp:term":[{"taxonomy":"category","embeddable":true,"href":"https:\/\/dgospel.com.br\/portal\/index.php\/wp-json\/wp\/v2\/categories?post=3459"},{"taxonomy":"post_tag","embeddable":true,"href":"https:\/\/dgospel.com.br\/portal\/index.php\/wp-json\/wp\/v2\/tags?post=3459"}],"curies":[{"name":"wp","href":"https:\/\/api.w.org\/{rel}","templated":true}]}}