{"id":347,"date":"2018-05-25T16:32:59","date_gmt":"2018-05-25T19:32:59","guid":{"rendered":"http:\/\/dgospel.com.br\/portal\/?p=347"},"modified":"2018-05-25T16:33:30","modified_gmt":"2018-05-25T19:33:30","slug":"dezenas-de-pastores-da-convencao-de-madureira-de-todo-o-estado-do-tocantins-declaram-apoio-a-vicentinho","status":"publish","type":"post","link":"https:\/\/dgospel.com.br\/portal\/index.php\/2018\/05\/25\/dezenas-de-pastores-da-convencao-de-madureira-de-todo-o-estado-do-tocantins-declaram-apoio-a-vicentinho\/","title":{"rendered":"Dezenas de pastores da Conven\u00e7\u00e3o de Madureira de todo o estado do Tocantins declaram apoio a Vicentinho"},"content":{"rendered":"<p>Dezenas de pastores e pastoras da Conven\u00e7\u00e3o das Assembleias de Deus do Minist\u00e9rio Madureira no \u00a0reuniram-se na manh\u00e3 desta sexta-feira, 25, em Palmas, para hipotecar apoio \u00e0 candidatura de Vicentinho Alves nas elei\u00e7\u00f5es suplementares marcadas para o dia 3 de junho.<\/p>\n<p>Vicentinho afirmou aos presentes que nunca se absteve nas vota\u00e7\u00f5es mais pol\u00eamicas em sua vida parlamentar: &#8220;Ou voto sim ou voto n\u00e3o. E sempre votei em defesa dos princ\u00edpios \u00e9ticos e morais da fam\u00edlia brasileira&#8221;.<\/p>\n<p>O candidato disse tamb\u00e9m que nunca desonrou um voto em seus 30 anos de vida p\u00fablica e que pretende fazer um governo de paz, harmonia, equil\u00edbrio, planejamento e efici\u00eancia, voltado para cuidar das pessoas.<\/p>\n<p>Fez tamb\u00e9m um breve relato de seu plano emergencial de governo para o mandato tamp\u00e3o, que tem como foco principal a sa\u00fade p\u00fablica, programas sociais, seguran\u00e7a p\u00fablica e recupera\u00e7\u00e3o da malha vi\u00e1ria, entre outros.<\/p>\n<p>O presidente da Conven\u00e7\u00e3o das Assembleias de Deus do Minist\u00e9rio Madureira no Tocantins e Maranh\u00e3o,\u00a0 pastor Amarildo Amarildo Martins, convocou os pastores e pastoras presentes a desenvolver um esfor\u00e7o concentrado a partir de hoje em suas comunidades, em busca do voto para Vicentinho no dia 3 de junho. &#8220;Vamos trabalhar para que n\u00e3o haja segundo turno e nosso candidato seja vitorioso&#8221;, conclamou.<\/p>\n<p>&nbsp;<\/p>\n","protected":false},"excerpt":{"rendered":"<p>Dezenas de pastores e pastoras da Conven\u00e7\u00e3o das Assembleias de Deus do Minist\u00e9rio Madureira no \u00a0reuniram-se na manh\u00e3 desta sexta-feira, 25, em Palmas, para hipotecar apoio \u00e0 candidatura de Vicentinho Alves nas elei\u00e7\u00f5es suplementares marcadas para o dia 3 de junho. Vicentinho afirmou aos presentes que nunca se absteve nas vota\u00e7\u00f5es mais pol\u00eamicas em sua [&hellip;]<\/p>\n","protected":false},"author":2,"featured_media":348,"comment_status":"open","ping_status":"open","sticky":false,"template":"","format":"standard","meta":[],"categories":[2,5,4],"tags":[],"_links":{"self":[{"href":"https:\/\/dgospel.com.br\/portal\/index.php\/wp-json\/wp\/v2\/posts\/347"}],"collection":[{"href":"https:\/\/dgospel.com.br\/portal\/index.php\/wp-json\/wp\/v2\/posts"}],"about":[{"href":"https:\/\/dgospel.com.br\/portal\/index.php\/wp-json\/wp\/v2\/types\/post"}],"author":[{"embeddable":true,"href":"https:\/\/dgospel.com.br\/portal\/index.php\/wp-json\/wp\/v2\/users\/2"}],"replies":[{"embeddable":true,"href":"https:\/\/dgospel.com.br\/portal\/index.php\/wp-json\/wp\/v2\/comments?post=347"}],"version-history":[{"count":2,"href":"https:\/\/dgospel.com.br\/portal\/index.php\/wp-json\/wp\/v2\/posts\/347\/revisions"}],"predecessor-version":[{"id":350,"href":"https:\/\/dgospel.com.br\/portal\/index.php\/wp-json\/wp\/v2\/posts\/347\/revisions\/350"}],"wp:featuredmedia":[{"embeddable":true,"href":"https:\/\/dgospel.com.br\/portal\/index.php\/wp-json\/wp\/v2\/media\/348"}],"wp:attachment":[{"href":"https:\/\/dgospel.com.br\/portal\/index.php\/wp-json\/wp\/v2\/media?parent=347"}],"wp:term":[{"taxonomy":"category","embeddable":true,"href":"https:\/\/dgospel.com.br\/portal\/index.php\/wp-json\/wp\/v2\/categories?post=347"},{"taxonomy":"post_tag","embeddable":true,"href":"https:\/\/dgospel.com.br\/portal\/index.php\/wp-json\/wp\/v2\/tags?post=347"}],"curies":[{"name":"wp","href":"https:\/\/api.w.org\/{rel}","templated":true}]}}