{"id":3474,"date":"2019-06-26T12:54:23","date_gmt":"2019-06-26T15:54:23","guid":{"rendered":"http:\/\/dgospel.com.br\/portal\/?p=3474"},"modified":"2019-06-26T12:54:25","modified_gmt":"2019-06-26T15:54:25","slug":"camara-de-palmas-presta-homenagem-aqueles-que-lutam-na-prevencao-e-conscientizacao-sobre-drogas","status":"publish","type":"post","link":"https:\/\/dgospel.com.br\/portal\/index.php\/2019\/06\/26\/camara-de-palmas-presta-homenagem-aqueles-que-lutam-na-prevencao-e-conscientizacao-sobre-drogas\/","title":{"rendered":"C\u00e2mara de Palmas presta homenagem \u00e0queles que lutam na preven\u00e7\u00e3o e conscientiza\u00e7\u00e3o sobre drogas"},"content":{"rendered":"\n<p>O dia 26 de junho marca a data escolhida pela Organiza\u00e7\u00e3o das Na\u00e7\u00f5es Unidas (ONU) para o Dia Internacional de Combate \u00e0s Drogas e, na mesma data, a C\u00e2mara Municipal de Palmas realizou Sess\u00e3o Solene em homenagem \u00e0s pessoas, entidades e Organiza\u00e7\u00f5es n\u00e3o Governamentais (ONGs) que lutam em busca da preven\u00e7\u00e3o e conscientiza\u00e7\u00e3o sobre drogas. A sess\u00e3o foi um requerimento do vereador Tiago Andrino (PSB).<\/p>\n\n\n\n<p>Ao iniciar a sess\u00e3o, Andrino destacou que a C\u00e2mara n\u00e3o poderia deixar de homenagear as pessoas que saem todos os dias para trabalhar no combate \u00e0s drogas. \u201cAs drogas podem ser vistas como uma epidemia. Os n\u00fameros mostram que as drogas matam mais do que guerras, acabam com fam\u00edlias, destroem sonhos. Apesar de o nome escolhido pela ONU dizer apenas combate, nossa homenagem tem como palavra-chave \u201cpreven\u00e7\u00e3o\u201d. Estamos aqui para homenagear aqueles que t\u00eam responsabilidade na preven\u00e7\u00e3o e acolhimento de pessoas que s\u00e3o vitimas das drogas\u201d, analisou.<\/p>\n\n\n\n<p>O trabalho de preven\u00e7\u00e3o foi o que destacou tamb\u00e9m o corregedor-geral do Minist\u00e9rio P\u00fablico do Tocantins, Marco Ant\u00f4nio Alves Bezerra. O procurador falou ainda do vi\u00e9s financeiro por tr\u00e1s das drogas e afirmou que um traficante preso \u00e9 rapidamente substitu\u00eddo por outro, mas, ainda assim, \u00e9 poss\u00edvel combater o uso de drogas. \u201cEssa guerra pode ser vencida por n\u00f3s. Tenho esperan\u00e7a que por meio do engajamento como estes que vemos aqui hoje, com tanta gente envolvida. \u00c9 com este tipo de trabalho que podemos reverter esta guerra\u201d, enfatizou.<\/p>\n\n\n\n<p>Neste sentido tamb\u00e9m, o delegado da Pol\u00edcia Civil Guilherme Rocha afirmou que para se combater se fato \u00e0s drogas \u00e9 necess\u00e1rio que seja realizado um trabalho intersetorial. \u201cO problema da droga n\u00e3o \u00e9 uma quest\u00e3o de pris\u00e3o apenas ou condena\u00e7\u00e3o de traficantes. \u00c9 um problema social, que tem ser combatido por meio pol\u00edticas integradas, que fa\u00e7a a fa\u00e7a a pris\u00e3o n\u00e3o como fim, mas como meio, com a redu\u00e7\u00e3o da oferta de drogas para que a preven\u00e7\u00e3o atue\u201d, analisou.<\/p>\n\n\n\n<p>Um dos homenageados na sess\u00e3o, o deputado Eli Borges (PROS) falou sobre a import\u00e2ncia da fam\u00edlia na luta contra as drogas. \u201cA base inicial de tudo \u00e9 uma fam\u00edlia coerente, construindo pessoas para o resto da vida. Vemos que hoje muitos pais est\u00e3o ausentes na constru\u00e7\u00e3o do car\u00e1ter dos seus filhos e at\u00e9 os sete anos de idade que se forma 70% do car\u00e1ter das pessoas\u201d, destacou.<\/p>\n\n\n\n<p>Foi a participa\u00e7\u00e3o das fam\u00edlias e sociedade como um todo, que frisou H\u00e9lio Santana (PV) ao afirmar que \u00e9 necess\u00e1rio unir for\u00e7as e \u201cenvolver a sociedade como um todo para se ter um trabalho mais efetivo\u201d. J\u00e1 o vereador Rog\u00e9rio Santos (PRB) falou sobre as dificuldades das drogas. \u201cA pessoa quando ingressa quer um momento de descontra\u00e7\u00e3o. Pensa que n\u00e3o vai se tornar um viciado, que vai ter for\u00e7a para entrar e sair, mas ningu\u00e9m sabe quem tem e quem n\u00e3o tem pr\u00e9-disposi\u00e7\u00e3o\u201d, finalizou.<\/p>\n\n\n\n<p>Ao longo da Sess\u00e3o foram entregues homenagem a pessoas, entidades e ONGs, como a Pol\u00edcia Militar, Fazenda da Esperan\u00e7a, Programa Na\u00e7\u00e3o Rap, Casa de Recupera\u00e7\u00e3o CRER, dentre outros.<\/p>\n","protected":false},"excerpt":{"rendered":"<p>O dia 26 de junho marca a data escolhida pela Organiza\u00e7\u00e3o das Na\u00e7\u00f5es Unidas (ONU) para o Dia Internacional de Combate \u00e0s Drogas e, na mesma data, a C\u00e2mara Municipal de Palmas realizou Sess\u00e3o Solene em homenagem \u00e0s pessoas, entidades e Organiza\u00e7\u00f5es n\u00e3o Governamentais (ONGs) que lutam em busca da preven\u00e7\u00e3o e conscientiza\u00e7\u00e3o sobre drogas. [&hellip;]<\/p>\n","protected":false},"author":2,"featured_media":3475,"comment_status":"open","ping_status":"open","sticky":false,"template":"","format":"standard","meta":[],"categories":[8],"tags":[],"_links":{"self":[{"href":"https:\/\/dgospel.com.br\/portal\/index.php\/wp-json\/wp\/v2\/posts\/3474"}],"collection":[{"href":"https:\/\/dgospel.com.br\/portal\/index.php\/wp-json\/wp\/v2\/posts"}],"about":[{"href":"https:\/\/dgospel.com.br\/portal\/index.php\/wp-json\/wp\/v2\/types\/post"}],"author":[{"embeddable":true,"href":"https:\/\/dgospel.com.br\/portal\/index.php\/wp-json\/wp\/v2\/users\/2"}],"replies":[{"embeddable":true,"href":"https:\/\/dgospel.com.br\/portal\/index.php\/wp-json\/wp\/v2\/comments?post=3474"}],"version-history":[{"count":1,"href":"https:\/\/dgospel.com.br\/portal\/index.php\/wp-json\/wp\/v2\/posts\/3474\/revisions"}],"predecessor-version":[{"id":3476,"href":"https:\/\/dgospel.com.br\/portal\/index.php\/wp-json\/wp\/v2\/posts\/3474\/revisions\/3476"}],"wp:featuredmedia":[{"embeddable":true,"href":"https:\/\/dgospel.com.br\/portal\/index.php\/wp-json\/wp\/v2\/media\/3475"}],"wp:attachment":[{"href":"https:\/\/dgospel.com.br\/portal\/index.php\/wp-json\/wp\/v2\/media?parent=3474"}],"wp:term":[{"taxonomy":"category","embeddable":true,"href":"https:\/\/dgospel.com.br\/portal\/index.php\/wp-json\/wp\/v2\/categories?post=3474"},{"taxonomy":"post_tag","embeddable":true,"href":"https:\/\/dgospel.com.br\/portal\/index.php\/wp-json\/wp\/v2\/tags?post=3474"}],"curies":[{"name":"wp","href":"https:\/\/api.w.org\/{rel}","templated":true}]}}