{"id":3482,"date":"2019-07-01T20:34:07","date_gmt":"2019-07-01T23:34:07","guid":{"rendered":"http:\/\/dgospel.com.br\/portal\/?p=3482"},"modified":"2019-07-02T09:48:11","modified_gmt":"2019-07-02T12:48:11","slug":"pl-de-diogo-fernandes-dispoe-sobre-recolhimento-de-arma-de-fogo-funcional-em-caso-de-violencia-domestica","status":"publish","type":"post","link":"https:\/\/dgospel.com.br\/portal\/index.php\/2019\/07\/01\/pl-de-diogo-fernandes-dispoe-sobre-recolhimento-de-arma-de-fogo-funcional-em-caso-de-violencia-domestica\/","title":{"rendered":"PL de Diogo Fernandes disp\u00f5e sobre recolhimento de arma de fogo funcional em caso de viol\u00eancia dom\u00e9stica"},"content":{"rendered":"\n<p>\n\nO vereador Diogo Fernandes apresentou Projeto de Lei que disp\u00f5e sobre o recolhimento de arma de fogo funcional dos servidores pertencentes aos quadros da Guarda Metropolitana, do Munic\u00edpio de Palmas, que forem indiciados em inqu\u00e9ritos policiais por motivo de viol\u00eancia dom\u00e9stica e familiar contra mulher.&nbsp;<\/p>\n\n\n\n<p>Fernandes destaca que os n\u00fameros ainda evidenciam a realidade de que a maioria dos crimes de viol\u00eancia contra a mulher \u00e9 cometida por parceiros ou ex-parceiros \u201cA m\u00e9dia chega a 80% dos casos. A lei Maria da Penha, que garante maior prote\u00e7\u00e3o \u00e0s mulheres. Ela tornou crime a viol\u00eancia dom\u00e9stica e familiar em 7 de agosto de 2006\u201d, ressalta o vereador.<\/p>\n\n\n\n<p>Conforme a justificativa do PL s\u00e3o v\u00e1rios os casos de viol\u00eancia contra a mulher no Tocantins, especialmente em Palmas. Algumas sobrevivem e buscam a puni\u00e7\u00e3o do acusado, j\u00e1 outras se escondem.&nbsp;<br>Vale destacar que no Distrito Federal, um decreto assinado pelo Governador j\u00e1 vigora,e imp\u00f5e a medida que vale ainda para bombeiros e agentes do sistema penitenci\u00e1rio. A regra se aplica ao servidor indiciado por viol\u00eancia dom\u00e9stica ou familiar.<\/p>\n\n\n\n<p>Dados<\/p>\n\n\n\n<p>Em todo o ano de 2017, foram 4.374 casos. Para a Justi\u00e7a, o crescimento do n\u00famero demonstra que as v\u00edtimas v\u00eam se sentindo mais seguras para denunciar os agressores.<br>De janeiro a julho de 2018, o Tribunal de Justi\u00e7a do Tocantins registrou 2.940 processos de viol\u00eancia contra pessoas do sexo feminino. Isso significa que por dia cerca de 13 processos foram abertos nas comarcas distribu\u00eddas pelo Estado.\n\n<\/p>\n","protected":false},"excerpt":{"rendered":"<p>O vereador Diogo Fernandes apresentou Projeto de Lei que disp\u00f5e sobre o recolhimento de arma de fogo funcional dos servidores pertencentes aos quadros da Guarda Metropolitana, do Munic\u00edpio de Palmas, que forem indiciados em inqu\u00e9ritos policiais por motivo de viol\u00eancia dom\u00e9stica e familiar contra mulher.&nbsp; Fernandes destaca que os n\u00fameros ainda evidenciam a realidade de [&hellip;]<\/p>\n","protected":false},"author":2,"featured_media":3487,"comment_status":"open","ping_status":"open","sticky":false,"template":"","format":"standard","meta":[],"categories":[8],"tags":[],"_links":{"self":[{"href":"https:\/\/dgospel.com.br\/portal\/index.php\/wp-json\/wp\/v2\/posts\/3482"}],"collection":[{"href":"https:\/\/dgospel.com.br\/portal\/index.php\/wp-json\/wp\/v2\/posts"}],"about":[{"href":"https:\/\/dgospel.com.br\/portal\/index.php\/wp-json\/wp\/v2\/types\/post"}],"author":[{"embeddable":true,"href":"https:\/\/dgospel.com.br\/portal\/index.php\/wp-json\/wp\/v2\/users\/2"}],"replies":[{"embeddable":true,"href":"https:\/\/dgospel.com.br\/portal\/index.php\/wp-json\/wp\/v2\/comments?post=3482"}],"version-history":[{"count":1,"href":"https:\/\/dgospel.com.br\/portal\/index.php\/wp-json\/wp\/v2\/posts\/3482\/revisions"}],"predecessor-version":[{"id":3483,"href":"https:\/\/dgospel.com.br\/portal\/index.php\/wp-json\/wp\/v2\/posts\/3482\/revisions\/3483"}],"wp:featuredmedia":[{"embeddable":true,"href":"https:\/\/dgospel.com.br\/portal\/index.php\/wp-json\/wp\/v2\/media\/3487"}],"wp:attachment":[{"href":"https:\/\/dgospel.com.br\/portal\/index.php\/wp-json\/wp\/v2\/media?parent=3482"}],"wp:term":[{"taxonomy":"category","embeddable":true,"href":"https:\/\/dgospel.com.br\/portal\/index.php\/wp-json\/wp\/v2\/categories?post=3482"},{"taxonomy":"post_tag","embeddable":true,"href":"https:\/\/dgospel.com.br\/portal\/index.php\/wp-json\/wp\/v2\/tags?post=3482"}],"curies":[{"name":"wp","href":"https:\/\/api.w.org\/{rel}","templated":true}]}}