{"id":3488,"date":"2019-07-02T19:07:03","date_gmt":"2019-07-02T22:07:03","guid":{"rendered":"http:\/\/dgospel.com.br\/portal\/?p=3488"},"modified":"2019-07-02T19:07:05","modified_gmt":"2019-07-02T22:07:05","slug":"tarifa-de-energia-eletrica-no-tocantins-tera-primeira-reducao-em-sete-anos","status":"publish","type":"post","link":"https:\/\/dgospel.com.br\/portal\/index.php\/2019\/07\/02\/tarifa-de-energia-eletrica-no-tocantins-tera-primeira-reducao-em-sete-anos\/","title":{"rendered":"Tarifa de energia el\u00e9trica no Tocantins ter\u00e1 primeira redu\u00e7\u00e3o em sete anos"},"content":{"rendered":"\n<p>A concession\u00e1ria de energia el\u00e9trica do Tocantins anunciou uma redu\u00e7\u00e3o m\u00e9dia de 0,33% na tarifa do estado. O an\u00fancio foi feito na manh\u00e3 desta ter\u00e7a-feira (2) em Palmas. A diminui\u00e7\u00e3o foi autorizada pela Ag\u00eancia Nacional de Energia El\u00e9trica (Aneel) e come\u00e7a a valer a partir desta quinta-feira (4).<\/p>\n\n\n\n<p>Segundo a empresa, esta \u00e9 a primeira redu\u00e7\u00e3o anunciada nos \u00faltimos sete anos.&nbsp;<a href=\"https:\/\/g1.globo.com\/to\/tocantins\/noticia\/energia-eletrica-vai-ficar-1013-mais-cara-no-tocantins-a-partir-desta-quarta-feira-4.ghtml\">Em 2018, o reajuste m\u00e9dio foi de 10,13%.<\/a><\/p>\n\n\n\n<p>No caso da tarifa residencial, para o consumidor de baixa tens\u00e3o, a redu\u00e7\u00e3o ser\u00e1 de 0,36%. Para o setor industrial, que abrange os consumidores de alta e m\u00e9dia tens\u00e3o, a diminui\u00e7\u00e3o ser\u00e1 de 0,20%. Para clientes cadastrados na faixa de baixa renda, a redu\u00e7\u00e3o ser\u00e1 de 1,05%<\/p>\n\n\n\n<p>A tarifa de energia \u00e9 calculada pela Aneel a partir da varia\u00e7\u00e3o de custos da presta\u00e7\u00e3o do servi\u00e7o. Al\u00e9m disso, o c\u00e1lculo leva em conta a aquisi\u00e7\u00e3o e a transmiss\u00e3o de energia el\u00e9trica e os encargos setoriais.<\/p>\n\n\n\n<p>No caso da redu\u00e7\u00e3o, de acordo com a Energisa, os motivos foram a diminui\u00e7\u00e3o dos encargos setoriais e o compartilhamento da efici\u00eancia que a empresa vem tendo no estado.<\/p>\n\n\n\n<p>&#8220;\u00c9 importante descartar que est\u00e1 havendo uma redu\u00e7\u00e3o na tarifa, mas o consumo eficiente \u00e9 extremamente importante. Apesar da tarifa est\u00e1 reduzindo, se o consumo aumentar, o consumidor vai enxergar um aumento na conta de luz. \u00c9 importante que mesmo com a redu\u00e7\u00e3o continuar tendo o consumo eficiente&#8221;, explicou a gerente corporativa de regula\u00e7\u00e3o econ\u00f4mica da Energisa, Dayanni Grassano.<\/p>\n\n\n\n<p><strong>Veja os reajustes na tarifa do Tocantins nos \u00faltimos sete anos:<\/strong><\/p>\n\n\n\n<ul><li>2013: aumento de 11,08%<\/li><li>2014: aumento de 10,84%<\/li><li>2015: aumento de 5,88%<\/li><li>2016: aumento de 12,81%<\/li><li>2017: aumento de 6,02%<\/li><li>2018: aumento de 10,13%<\/li><li>2019: redu\u00e7\u00e3o de 0,33%<\/li><\/ul>\n\n\n\n<p>Fonte: <strong>G1 Tocantins<\/strong><\/p>\n\n\n\n<p><\/p>\n","protected":false},"excerpt":{"rendered":"<p>A concession\u00e1ria de energia el\u00e9trica do Tocantins anunciou uma redu\u00e7\u00e3o m\u00e9dia de 0,33% na tarifa do estado. O an\u00fancio foi feito na manh\u00e3 desta ter\u00e7a-feira (2) em Palmas. A diminui\u00e7\u00e3o foi autorizada pela Ag\u00eancia Nacional de Energia El\u00e9trica (Aneel) e come\u00e7a a valer a partir desta quinta-feira (4). Segundo a empresa, esta \u00e9 a primeira [&hellip;]<\/p>\n","protected":false},"author":2,"featured_media":3489,"comment_status":"open","ping_status":"open","sticky":false,"template":"","format":"standard","meta":[],"categories":[3],"tags":[],"_links":{"self":[{"href":"https:\/\/dgospel.com.br\/portal\/index.php\/wp-json\/wp\/v2\/posts\/3488"}],"collection":[{"href":"https:\/\/dgospel.com.br\/portal\/index.php\/wp-json\/wp\/v2\/posts"}],"about":[{"href":"https:\/\/dgospel.com.br\/portal\/index.php\/wp-json\/wp\/v2\/types\/post"}],"author":[{"embeddable":true,"href":"https:\/\/dgospel.com.br\/portal\/index.php\/wp-json\/wp\/v2\/users\/2"}],"replies":[{"embeddable":true,"href":"https:\/\/dgospel.com.br\/portal\/index.php\/wp-json\/wp\/v2\/comments?post=3488"}],"version-history":[{"count":1,"href":"https:\/\/dgospel.com.br\/portal\/index.php\/wp-json\/wp\/v2\/posts\/3488\/revisions"}],"predecessor-version":[{"id":3490,"href":"https:\/\/dgospel.com.br\/portal\/index.php\/wp-json\/wp\/v2\/posts\/3488\/revisions\/3490"}],"wp:featuredmedia":[{"embeddable":true,"href":"https:\/\/dgospel.com.br\/portal\/index.php\/wp-json\/wp\/v2\/media\/3489"}],"wp:attachment":[{"href":"https:\/\/dgospel.com.br\/portal\/index.php\/wp-json\/wp\/v2\/media?parent=3488"}],"wp:term":[{"taxonomy":"category","embeddable":true,"href":"https:\/\/dgospel.com.br\/portal\/index.php\/wp-json\/wp\/v2\/categories?post=3488"},{"taxonomy":"post_tag","embeddable":true,"href":"https:\/\/dgospel.com.br\/portal\/index.php\/wp-json\/wp\/v2\/tags?post=3488"}],"curies":[{"name":"wp","href":"https:\/\/api.w.org\/{rel}","templated":true}]}}